{"id":24915,"date":"2021-03-20T08:08:04","date_gmt":"2021-03-20T14:08:04","guid":{"rendered":"http:\/\/www.zonaroja.com.mx\/?p=24915"},"modified":"2021-03-20T08:08:08","modified_gmt":"2021-03-20T14:08:08","slug":"tren-del-istmo-sera-entregado-a-la-marina-anuncia-amlo","status":"publish","type":"post","link":"https:\/\/zonaroja.com.mx\/?p=24915","title":{"rendered":"Tren del Istmo ser\u00e1 entregado a la Marina, anuncia AMLO"},"content":{"rendered":"\n<p>Redacci\u00f3n\/Zona Roja Cdmx.<\/p>\n\n\n\n<p>Ciudad de M\u00e9xico, 20 de marzo de 2021.- El proyecto del Tren Interoce\u00e1nico en el Istmo de Tehuantepec ser\u00e1 entregado a la Secretar\u00eda de Marina, asegur\u00f3 este viernes el presidente Andr\u00e9s Manuel L\u00f3pez Obrador.<\/p>\n\n\n\n<p>De vira por Veracruz, el mandatario agreg\u00f3 que este plan ir\u00e1 acompa\u00f1ado de la rehabilitaci\u00f3n de la v\u00eda f\u00e9rrea que corre de Palenque a Coatzacoalcos y una extensi\u00f3n que ir\u00e1 desde Ciudad Ixtepec, Oaxaca, hasta Tapachula, Chiapas.<\/p>\n\n\n\n<p>Todos esos proyectos ser\u00e1n entregados a la Marina y a los gobiernos estatales de Chiapas, Oaxaca, Tabasco y Veracruz, remarc\u00f3.<\/p>\n\n\n\n<p>\u00abEse es el plan que se tiene para el desarrollo econ\u00f3mico de esta regi\u00f3n del pa\u00eds, desde luego todo acompa\u00f1ado de los programas de Bienestar\u00bb, coment\u00f3 el presidente durante su conferencia desde Coatzacoalcos.<\/p>\n\n\n\n<p>Esta decisi\u00f3n se da a conocer en la mismo semana en la que se inform\u00f3 que todos los recursos obtenidos a trav\u00e9s del Tren Maya ser\u00e1n para el Ej\u00e9rcito y los cerca de mil 500 kil\u00f3metros de ferrocarril pasar\u00e1n a ser patrimonio de la Secretar\u00eda de la Defensa Nacional.<\/p>\n\n\n\n<p>Sobre el Tren del Istmo, el titular del Ejecutivo se\u00f1al\u00f3 que habr\u00e1 10 pol\u00edgonos-parques industriales a lo largo de la ruta del proyecto.<\/p>\n\n\n\n<p>\u00abLas empresas van a tener apoyos especiales, es decir, habr\u00e1n est\u00edmulos para que se reduzcan el pago del IVA a la mitad, el pago del Impuesto Sobre la Renta a la mitad\u00bb, detall\u00f3.<\/p>\n\n\n\n<p>(Informaci\u00f3n de \u201cEl Financiero\u201d)<\/p>\n","protected":false},"excerpt":{"rendered":"<p>Redacci\u00f3n\/Zona Roja Cdmx. Ciudad de M\u00e9xico, 20 de marzo de 2021.- El proyecto del Tren&hellip;<\/p>\n","protected":false},"author":2,"featured_media":8057,"comment_status":"closed","ping_status":"open","sticky":false,"template":"","format":"standard","meta":{"_lmt_disableupdate":"","_lmt_disable":"","_jetpack_memberships_contains_paid_content":false,"footnotes":""},"categories":[109,47],"tags":[1146],"class_list":["post-24915","post","type-post","status-publish","format-standard","has-post-thumbnail","hentry","category-minuto-a-minuto","category-zona-gris","tag-proyecto-transistimico"],"jetpack_featured_media_url":"https:\/\/zonaroja.com.mx\/wp-content\/uploads\/2020\/01\/Tren-trans\u00edstimico.jpeg","jetpack_sharing_enabled":true,"_links":{"self":[{"href":"https:\/\/zonaroja.com.mx\/index.php?rest_route=\/wp\/v2\/posts\/24915","targetHints":{"allow":["GET"]}}],"collection":[{"href":"https:\/\/zonaroja.com.mx\/index.php?rest_route=\/wp\/v2\/posts"}],"about":[{"href":"https:\/\/zonaroja.com.mx\/index.php?rest_route=\/wp\/v2\/types\/post"}],"author":[{"embeddable":true,"href":"https:\/\/zonaroja.com.mx\/index.php?rest_route=\/wp\/v2\/users\/2"}],"replies":[{"embeddable":true,"href":"https:\/\/zonaroja.com.mx\/index.php?rest_route=%2Fwp%2Fv2%2Fcomments&post=24915"}],"version-history":[{"count":1,"href":"https:\/\/zonaroja.com.mx\/index.php?rest_route=\/wp\/v2\/posts\/24915\/revisions"}],"predecessor-version":[{"id":24916,"href":"https:\/\/zonaroja.com.mx\/index.php?rest_route=\/wp\/v2\/posts\/24915\/revisions\/24916"}],"wp:featuredmedia":[{"embeddable":true,"href":"https:\/\/zonaroja.com.mx\/index.php?rest_route=\/wp\/v2\/media\/8057"}],"wp:attachment":[{"href":"https:\/\/zonaroja.com.mx\/index.php?rest_route=%2Fwp%2Fv2%2Fmedia&parent=24915"}],"wp:term":[{"taxonomy":"category","embeddable":true,"href":"https:\/\/zonaroja.com.mx\/index.php?rest_route=%2Fwp%2Fv2%2Fcategories&post=24915"},{"taxonomy":"post_tag","embeddable":true,"href":"https:\/\/zonaroja.com.mx\/index.php?rest_route=%2Fwp%2Fv2%2Ftags&post=24915"}],"curies":[{"name":"wp","href":"https:\/\/api.w.org\/{rel}","templated":true}]}}