{"id":24917,"date":"2021-03-20T08:29:14","date_gmt":"2021-03-20T14:29:14","guid":{"rendered":"http:\/\/www.zonaroja.com.mx\/?p=24917"},"modified":"2021-03-20T08:34:29","modified_gmt":"2021-03-20T14:34:29","slug":"amplian-al-23-de-marzo-plazo-para-registro-de-candidaturas-a-diputaciones-y-ayuntamientos","status":"publish","type":"post","link":"https:\/\/zonaroja.com.mx\/?p=24917","title":{"rendered":"Ampl\u00edan al 23 de marzo plazo para registro de candidaturas a diputaciones y ayuntamientos"},"content":{"rendered":"\n<p>Redacci\u00f3n\/Zona Roja.<\/p>\n\n\n\n<p>Oaxaca de Ju\u00e1rez, Oax., 20 de marzo de 2021.- El Consejo General del Instituto Estatal Electoral y de Participaci\u00f3n Ciudadana de Oaxaca (IEEPCO), mediante acuerdo IEEPCO-CG-33\/2021, aprob\u00f3 la modificaci\u00f3n del plazo para la presentaci\u00f3n de solicitudes de registros de candidaturas en el Proceso Electoral Ordinario (PEO) 2020-2021.<\/p>\n\n\n\n<p>Ello, en funci\u00f3n del art\u00edculo 185 de la Ley de Instituciones y Procedimientos Electorales del Estado de Oaxaca que en su numeral 3 establece que el Consejo General del IEEPCO podr\u00e1 realizar ajustes a los plazos, periodos y fechas establecidos en este art\u00edculo a fin de garantizar los plazos de registro y que la duraci\u00f3n de las campa\u00f1as electorales se ci\u00f1a a lo establecido en esta Ley.<\/p>\n\n\n\n<p>Bajo este fundamento legal y derivado de la situaci\u00f3n excepcional de emergencia sanitaria por COVID-19 en la que nos encontramos, el IEEPCO se\u00f1al\u00f3 que es indispensable que esta autoridad y los partidos pol\u00edticos tomen las medidas necesarias para garantizar el ejercicio de los derechos pol\u00edtico-electorales de aquellas ciudadanas o ciudadanos que pretendan contender con un cargo de elecci\u00f3n popular.<\/p>\n\n\n\n<p>Por lo que, con el objetivo de garantizar el adecuado desarrollo del PEO las consejeras y consejeros electorales estimaron oportuno analizar la posibilidad modificar el plazo de las solicitudes de registro de candidaturas que presentan los partidos pol\u00edticos a trav\u00e9s de sus representaciones.<\/p>\n\n\n\n<p>Es decir, consideraron oportuno conceder una ampliaci\u00f3n de dos d\u00edas naturales para que los entes pol\u00edticos y candidaturas independientes puedan presentar en un plazo suficiente y razonable sus solicitudes de registro de ambas elecciones.<\/p>\n\n\n\n<p>De tal forma que ser\u00e1 hasta el 23 de marzo el plazo para que partidos pol\u00edticos, coaliciones, candidaturas comunes y candidaturas independientes puedan realizar el registro de las candidaturas a Diputaciones por Mayor\u00eda Relativa y Concejal\u00edas a los Ayuntamientos.<\/p>\n","protected":false},"excerpt":{"rendered":"<p>Redacci\u00f3n\/Zona Roja. Oaxaca de Ju\u00e1rez, Oax., 20 de marzo de 2021.- El Consejo General del&hellip;<\/p>\n","protected":false},"author":2,"featured_media":24918,"comment_status":"closed","ping_status":"open","sticky":false,"template":"","format":"standard","meta":{"_lmt_disableupdate":"","_lmt_disable":"","_jetpack_memberships_contains_paid_content":false,"footnotes":""},"categories":[109,47],"tags":[2348],"class_list":["post-24917","post","type-post","status-publish","format-standard","has-post-thumbnail","hentry","category-minuto-a-minuto","category-zona-gris","tag-elecciones-oaxaca-2021"],"jetpack_featured_media_url":"https:\/\/zonaroja.com.mx\/wp-content\/uploads\/2021\/03\/IMAGEN_19_MARZO.jpg","jetpack_sharing_enabled":true,"_links":{"self":[{"href":"https:\/\/zonaroja.com.mx\/index.php?rest_route=\/wp\/v2\/posts\/24917","targetHints":{"allow":["GET"]}}],"collection":[{"href":"https:\/\/zonaroja.com.mx\/index.php?rest_route=\/wp\/v2\/posts"}],"about":[{"href":"https:\/\/zonaroja.com.mx\/index.php?rest_route=\/wp\/v2\/types\/post"}],"author":[{"embeddable":true,"href":"https:\/\/zonaroja.com.mx\/index.php?rest_route=\/wp\/v2\/users\/2"}],"replies":[{"embeddable":true,"href":"https:\/\/zonaroja.com.mx\/index.php?rest_route=%2Fwp%2Fv2%2Fcomments&post=24917"}],"version-history":[{"count":1,"href":"https:\/\/zonaroja.com.mx\/index.php?rest_route=\/wp\/v2\/posts\/24917\/revisions"}],"predecessor-version":[{"id":24919,"href":"https:\/\/zonaroja.com.mx\/index.php?rest_route=\/wp\/v2\/posts\/24917\/revisions\/24919"}],"wp:featuredmedia":[{"embeddable":true,"href":"https:\/\/zonaroja.com.mx\/index.php?rest_route=\/wp\/v2\/media\/24918"}],"wp:attachment":[{"href":"https:\/\/zonaroja.com.mx\/index.php?rest_route=%2Fwp%2Fv2%2Fmedia&parent=24917"}],"wp:term":[{"taxonomy":"category","embeddable":true,"href":"https:\/\/zonaroja.com.mx\/index.php?rest_route=%2Fwp%2Fv2%2Fcategories&post=24917"},{"taxonomy":"post_tag","embeddable":true,"href":"https:\/\/zonaroja.com.mx\/index.php?rest_route=%2Fwp%2Fv2%2Ftags&post=24917"}],"curies":[{"name":"wp","href":"https:\/\/api.w.org\/{rel}","templated":true}]}}