{"id":24923,"date":"2021-03-20T08:45:15","date_gmt":"2021-03-20T14:45:15","guid":{"rendered":"http:\/\/www.zonaroja.com.mx\/?p=24923"},"modified":"2021-03-20T08:45:19","modified_gmt":"2021-03-20T14:45:19","slug":"victimas-de-eloxochitlan-insisten-en-justicia-por-caso-de-familia-zepeda-lagunas","status":"publish","type":"post","link":"https:\/\/zonaroja.com.mx\/?p=24923","title":{"rendered":"V\u00edctimas de Eloxochitl\u00e1n insisten en justicia por caso de familia Zepeda Lagunas"},"content":{"rendered":"\n<p>Yuridiana Sosa\/Zona Roja.<\/p>\n\n\n\n<p>Oaxaca de Ju\u00e1rez, Oax., 20 de marzo de 2021.- Familiares de los detenidos por su presunta responsabilidad en la violencia y asesinato de un apersona en Eloxochitl\u00e1n de Flores Mag\u00f3n, en diciembre de 2014, acusaron que el proceso est\u00e1 manipulado a favor de la denunciante, la diputada Elisa Zepeda, del partido Morena.<\/p>\n\n\n\n<p>Para exigir al Poder Judicial de Oaxaca la libertad de los inculpados \u2013considerados presos pol\u00edticos- y acatar las resoluciones de los amparos federales a favor de los detenidos, los familiares y ex presos se movilizaron a la sede del poder de justicia, en San Bartolo Coyotepec, para realizar una \u201ctoma\u201d simb\u00f3lica de las instalaciones.<\/p>\n\n\n\n<p>Ayer en conferencia de prensa en el z\u00f3calo, los abogados de los varones se\u00f1alaron que el proceso se ha enviciado por las influencias pol\u00edticas de Elisa Zepeda Lagunas, diputada local de Morena, quien es la parte afectada en los hechos de 2014 con la violencia en su contra y el asesinato de su hermano, Manuel Zepeda.<\/p>\n\n\n\n<p>Desde ese entonces, cinco de siete hombres aprehendidos contin\u00faan en prisi\u00f3n preventiva por los delitos de homicidio calificado en agravio de Manuel Zepeda Lagunas y homicidio calificado en grado de tentativa, cometido en agravio de Elisa Zepeda Lagunas.<\/p>\n\n\n\n<figure class=\"wp-block-embed-twitter wp-block-embed is-type-rich is-provider-twitter\"><div class=\"wp-block-embed__wrapper\">\n<div class=\"twitter-tweet\"><blockquote class=\"twitter-tweet\" data-lang=\"es\"><p lang=\"es\" dir=\"ltr\"><a href=\"https:\/\/twitter.com\/hashtag\/%C3%9AltimoMinuto?src=hash&amp;ref_src=twsrc%5Etfw\">#\u00daltimoMinuto<\/a> <br>Pobladores de Eloxochitl\u00e1n de Flores Mag\u00f3n, Oaxaca, exigen agilizaci\u00f3n del proceso judicial que tiene un atraso de m\u00e1s de seis a\u00f1os. Culparon al Partido Morena de buscar impunidad para sus acusadores. <a href=\"https:\/\/t.co\/ZmlwDTL5c8\">pic.twitter.com\/ZmlwDTL5c8<\/a><\/p>&mdash; Zona Roja Oaxaca (@Zona_Roja_Oax) <a href=\"https:\/\/twitter.com\/Zona_Roja_Oax\/status\/1372964540275683339?ref_src=twsrc%5Etfw\">19 de marzo de 2021<\/a><\/blockquote><\/div>\n<\/div><\/figure>\n\n\n\n<p>Expusieron que desde el a\u00f1o 2015, por el caso bajo el expediente 02\/2015, la autoridad federal mediante la ejecutoria del amparo 311\/2015, de la mesa l- B, del juzgado primero de Distrito del D\u00e9cimo tercer circuito, y la sala auxiliar de Xalapa Veracruz, determin\u00f3 que no existen datos de prueba que nos lleven a la probable responsabilidad de todas las personas que se encuentran acusadas en el expediente.<\/p>\n\n\n\n<p>As\u00ed tambi\u00e9n, los cinco detenidos han recibido obtenido 18 resoluciones que los deslinda de las responsabilidades del hecho, por lo no existen motivos para continuar en prisi\u00f3n preventiva.<\/p>\n\n\n\n<p>Mientras que a otros dos varones detenidos en el 2018, por la misma violencia en Eloxochitl\u00e1n, tambi\u00e9n les fabricaron los del delito de homicidio calificado cometido en agravio de Gustavo Estrada Andrade, as\u00ed como los delitos contra los hermanos Zepeda Lagunas.<\/p>\n\n\n\n<p>\u201cExigimos al Poder Judicial del Estado de Oaxaca, que otorgue la libertad en lo inmediato de nuestros compa\u00f1eros presos pol\u00edticos, ya que ha quedado demostrado en las causas penales que no existe responsabilidad alguna, que por el contrario fueron delitos fabricados\u201d, manifestaron.<\/p>\n","protected":false},"excerpt":{"rendered":"<p>Yuridiana Sosa\/Zona Roja. Oaxaca de Ju\u00e1rez, Oax., 20 de marzo de 2021.- Familiares de los&hellip;<\/p>\n","protected":false},"author":2,"featured_media":24924,"comment_status":"closed","ping_status":"open","sticky":false,"template":"","format":"standard","meta":{"_lmt_disableupdate":"","_lmt_disable":"","_jetpack_memberships_contains_paid_content":false,"footnotes":""},"categories":[109,47],"tags":[719],"class_list":["post-24923","post","type-post","status-publish","format-standard","has-post-thumbnail","hentry","category-minuto-a-minuto","category-zona-gris","tag-eloxochitlan-de-flores-magon"],"jetpack_featured_media_url":"https:\/\/zonaroja.com.mx\/wp-content\/uploads\/2021\/03\/Conferencia-caso-Eloxochitlan.jpg","jetpack_sharing_enabled":true,"_links":{"self":[{"href":"https:\/\/zonaroja.com.mx\/index.php?rest_route=\/wp\/v2\/posts\/24923","targetHints":{"allow":["GET"]}}],"collection":[{"href":"https:\/\/zonaroja.com.mx\/index.php?rest_route=\/wp\/v2\/posts"}],"about":[{"href":"https:\/\/zonaroja.com.mx\/index.php?rest_route=\/wp\/v2\/types\/post"}],"author":[{"embeddable":true,"href":"https:\/\/zonaroja.com.mx\/index.php?rest_route=\/wp\/v2\/users\/2"}],"replies":[{"embeddable":true,"href":"https:\/\/zonaroja.com.mx\/index.php?rest_route=%2Fwp%2Fv2%2Fcomments&post=24923"}],"version-history":[{"count":1,"href":"https:\/\/zonaroja.com.mx\/index.php?rest_route=\/wp\/v2\/posts\/24923\/revisions"}],"predecessor-version":[{"id":24925,"href":"https:\/\/zonaroja.com.mx\/index.php?rest_route=\/wp\/v2\/posts\/24923\/revisions\/24925"}],"wp:featuredmedia":[{"embeddable":true,"href":"https:\/\/zonaroja.com.mx\/index.php?rest_route=\/wp\/v2\/media\/24924"}],"wp:attachment":[{"href":"https:\/\/zonaroja.com.mx\/index.php?rest_route=%2Fwp%2Fv2%2Fmedia&parent=24923"}],"wp:term":[{"taxonomy":"category","embeddable":true,"href":"https:\/\/zonaroja.com.mx\/index.php?rest_route=%2Fwp%2Fv2%2Fcategories&post=24923"},{"taxonomy":"post_tag","embeddable":true,"href":"https:\/\/zonaroja.com.mx\/index.php?rest_route=%2Fwp%2Fv2%2Ftags&post=24923"}],"curies":[{"name":"wp","href":"https:\/\/api.w.org\/{rel}","templated":true}]}}