{"id":24926,"date":"2021-03-20T11:46:57","date_gmt":"2021-03-20T17:46:57","guid":{"rendered":"http:\/\/www.zonaroja.com.mx\/?p=24926"},"modified":"2021-03-20T12:00:58","modified_gmt":"2021-03-20T18:00:58","slug":"ejecutan-en-oaxaca-a-ex-diputada-y-precandidata-a-presidenta-municipal","status":"publish","type":"post","link":"https:\/\/zonaroja.com.mx\/?p=24926","title":{"rendered":"Ejecutan en Oaxaca a ex diputada y precandidata a presidenta municipal"},"content":{"rendered":"\n<p>Yuridiana Sosa\/Zona Roja.<\/p>\n\n\n\n<p>Oaxaca de Ju\u00e1rez, Oax., 20 marzo de 2021.- La aspirante a presidenta municipal y ex diputada local de Oaxaca, Ivonne Gallegos Carre\u00f1o, fue asesinada hoy en un ataque armado perpetrado en la carretera a Ocotl\u00e1n de Morelos, a la altura del crucero a Santo Tom\u00e1s Jalietza, a unos 30 kil\u00f3metros al sur de la capital.<\/p>\n\n\n\n<p>De acuerdo con los primeros reportes, el crimen se registr\u00f3 la ma\u00f1ana de este s\u00e1bado cuando la v\u00edctima y su acompa\u00f1ante se trasladaban en una camioneta marca Toyota tipo CHR, con placas de circulaci\u00f3n TLS-5474. Ocurri\u00f3 mientras un grupo de elementos de la Polic\u00eda Estatal efect\u00faa por segundo d\u00eda un paro de labores en el cuartel ubicado en Santa Mar\u00eda Coyotepec.<\/p>\n\n\n\n<p>La ex legisladora qued\u00f3 sin vida sobre el asiento del copiloto, mientras que el conductor herido por impactos de arma de fuego, fue trasladado a un hospital, donde lo reportan delicado de salud.<\/p>\n\n\n\n<figure class=\"wp-block-image size-large\"><img decoding=\"async\" width=\"1024\" height=\"630\" src=\"http:\/\/www.zonaroja.com.mx\/wp-content\/uploads\/2021\/03\/Asesinan-a-Ivonne-Gallegos-Ocotlan-1024x630.jpg\" alt=\"\" class=\"wp-image-24927\" srcset=\"https:\/\/zonaroja.com.mx\/wp-content\/uploads\/2021\/03\/Asesinan-a-Ivonne-Gallegos-Ocotlan-1024x630.jpg 1024w, https:\/\/zonaroja.com.mx\/wp-content\/uploads\/2021\/03\/Asesinan-a-Ivonne-Gallegos-Ocotlan-300x185.jpg 300w, https:\/\/zonaroja.com.mx\/wp-content\/uploads\/2021\/03\/Asesinan-a-Ivonne-Gallegos-Ocotlan-768x473.jpg 768w, https:\/\/zonaroja.com.mx\/wp-content\/uploads\/2021\/03\/Asesinan-a-Ivonne-Gallegos-Ocotlan-1536x945.jpg 1536w, https:\/\/zonaroja.com.mx\/wp-content\/uploads\/2021\/03\/Asesinan-a-Ivonne-Gallegos-Ocotlan-1170x720.jpg 1170w, https:\/\/zonaroja.com.mx\/wp-content\/uploads\/2021\/03\/Asesinan-a-Ivonne-Gallegos-Ocotlan-585x360.jpg 585w, https:\/\/zonaroja.com.mx\/wp-content\/uploads\/2021\/03\/Asesinan-a-Ivonne-Gallegos-Ocotlan.jpg 1539w\" sizes=\"(max-width: 1024px) 100vw, 1024px\" \/><\/figure>\n\n\n\n<p>Gallegos Carre\u00f1o fue diputada en la 61 legislatura de Oaxaca, por el Partido Acci\u00f3n Nacional, as\u00ed como en 2014 tom\u00f3 el cargo como directora del Instituto de Capacitaci\u00f3n y Productividad para el Trabajo (ICAPET).<\/p>\n\n\n\n<p>En 2013 tambi\u00e9n fue candidata a la presidencia municipal por Ocotl\u00e1n de Morelos por la coalici\u00f3n \u201cUnidos por el Desarrollo\u201d, que integraron los partidos PAN, PRD y PT.<\/p>\n\n\n\n<p>Recientemente labor\u00f3 tambi\u00e9n en la Secretar\u00eda de Pueblos Ind\u00edgenas de Oaxaca, cargo que dej\u00f3 por sus aspiraciones pol\u00edticas.<\/p>\n\n\n\n<p>Para el proceso electoral de junio de este a\u00f1o, Gallegos Carre\u00f1o se perfilaba como aspirante a la candidatura a la presidencia de Ocotl\u00e1n, por el Partido Acci\u00f3n Nacional.<\/p>\n\n\n\n<p>En marzo 2015, en el centro de municipio de Ocotl\u00e1n de Morelos, tambi\u00e9n fue ejecutado el esposo de Ivonne Gallegos.<\/p>\n","protected":false},"excerpt":{"rendered":"<p>Yuridiana Sosa\/Zona Roja. Oaxaca de Ju\u00e1rez, Oax., 20 marzo de 2021.- La aspirante a presidenta&hellip;<\/p>\n","protected":false},"author":2,"featured_media":24929,"comment_status":"closed","ping_status":"open","sticky":false,"template":"","format":"standard","meta":{"_lmt_disableupdate":"","_lmt_disable":"","_jetpack_memberships_contains_paid_content":false,"footnotes":""},"categories":[109,51],"tags":[2538,835],"class_list":["post-24926","post","type-post","status-publish","format-standard","has-post-thumbnail","hentry","category-minuto-a-minuto","category-zona-roja","tag-ivonne-gallegos-carreno","tag-ocotlan-de-morelos"],"jetpack_featured_media_url":"https:\/\/zonaroja.com.mx\/wp-content\/uploads\/2021\/03\/Oco3.jpg","jetpack_sharing_enabled":true,"_links":{"self":[{"href":"https:\/\/zonaroja.com.mx\/index.php?rest_route=\/wp\/v2\/posts\/24926","targetHints":{"allow":["GET"]}}],"collection":[{"href":"https:\/\/zonaroja.com.mx\/index.php?rest_route=\/wp\/v2\/posts"}],"about":[{"href":"https:\/\/zonaroja.com.mx\/index.php?rest_route=\/wp\/v2\/types\/post"}],"author":[{"embeddable":true,"href":"https:\/\/zonaroja.com.mx\/index.php?rest_route=\/wp\/v2\/users\/2"}],"replies":[{"embeddable":true,"href":"https:\/\/zonaroja.com.mx\/index.php?rest_route=%2Fwp%2Fv2%2Fcomments&post=24926"}],"version-history":[{"count":3,"href":"https:\/\/zonaroja.com.mx\/index.php?rest_route=\/wp\/v2\/posts\/24926\/revisions"}],"predecessor-version":[{"id":24931,"href":"https:\/\/zonaroja.com.mx\/index.php?rest_route=\/wp\/v2\/posts\/24926\/revisions\/24931"}],"wp:featuredmedia":[{"embeddable":true,"href":"https:\/\/zonaroja.com.mx\/index.php?rest_route=\/wp\/v2\/media\/24929"}],"wp:attachment":[{"href":"https:\/\/zonaroja.com.mx\/index.php?rest_route=%2Fwp%2Fv2%2Fmedia&parent=24926"}],"wp:term":[{"taxonomy":"category","embeddable":true,"href":"https:\/\/zonaroja.com.mx\/index.php?rest_route=%2Fwp%2Fv2%2Fcategories&post=24926"},{"taxonomy":"post_tag","embeddable":true,"href":"https:\/\/zonaroja.com.mx\/index.php?rest_route=%2Fwp%2Fv2%2Ftags&post=24926"}],"curies":[{"name":"wp","href":"https:\/\/api.w.org\/{rel}","templated":true}]}}