{"id":2493,"date":"2019-07-24T21:45:18","date_gmt":"2019-07-25T02:45:18","guid":{"rendered":"http:\/\/www.zonaroja.com.mx\/?p=2493"},"modified":"2019-07-24T21:45:21","modified_gmt":"2019-07-25T02:45:21","slug":"piden-a-gobernador-dejar-de-respaldar-promocion-de-senador-raul-bolanos","status":"publish","type":"post","link":"https:\/\/zonaroja.com.mx\/?p=2493","title":{"rendered":"Piden a gobernador dejar de respaldar promoci\u00f3n de senador Ra\u00fal Bola\u00f1os"},"content":{"rendered":"\n<p>Ismael\nGarc\u00eda M.<\/p>\n\n\n\n<p>San Raymundo\nJalpan, Oax., 24 de julio de 2019.- Con 25 votos a favor y seis en contra, el\npleno de la 64 Legislatura de Oaxaca aprob\u00f3 de obvia y urgente resoluci\u00f3n un\nPunto de Acuerdo en que se pide al gobernador Alejandro Murat Hinojosa dejar de\npromocionar con recursos p\u00fablicos la imagen del senador por el PVEM, Ra\u00fal\nBola\u00f1os Cacho Cu\u00e9.<\/p>\n\n\n\n<p>La\niniciativa fue presentada por el diputado por el PT y presidente de la Mesa\nDirectiva, C\u00e9sar Morales Ni\u00f1o, y hall\u00f3 pocas resistencias entre los\nlegisladores, entre ellos de la diputada panista Mar\u00eda de Jes\u00fas Mendoza.<\/p>\n\n\n\n<p>\u201cEs un hecho\np\u00fablico y notorio que las delegaciones regionales, de la Coordinaci\u00f3n General\nde Delegaciones o Coordinaci\u00f3n General de Atenci\u00f3n Regional, del Poder\nEjecutivo, realizan eventos institucionales, utilizando recursos p\u00fablicos a los\ncuales invitan al senador Ra\u00fal Bola\u00f1os Cacho Cu\u00e9; le dan el uso de la palabra y\nposteriormente se da cuenta de ello en los medios de comunicaci\u00f3n y redes\nsociales, sobre la participaci\u00f3n del legislador en eventos del Poder Ejecutivo\u201d,\nse\u00f1al\u00f3 en tribuna.<\/p>\n\n\n\n<p>De acuerdo\ncon su planteamiento, tales actos son indebidos porque ponen al servicio de un senador\nrecursos p\u00fablicos y la estructura gubernamental \u201ccon el claro prop\u00f3sito de\ndarlo a conocer como persona, su imagen, el nombre, el cargo y las actividades\nlegislativas que realiza.<\/p>\n\n\n\n<p>\u201cEs excesivo el lucimiento personal que le permiten a dicho legislador, lo cual es violatorio de la imparcialidad y objetividad que est\u00e1 obligada a observar el Poder Ejecutivo\u201d.<\/p>\n\n\n\n<figure class=\"wp-block-embed-twitter wp-block-embed is-type-rich is-provider-twitter\"><div class=\"wp-block-embed__wrapper\">\n<div class=\"twitter-tweet\"><blockquote class=\"twitter-tweet\" data-lang=\"es\"><p lang=\"es\" dir=\"ltr\"><a href=\"https:\/\/twitter.com\/hashtag\/OaxacaGris?src=hash&amp;ref_src=twsrc%5Etfw\">#OaxacaGris<\/a><br>Con 25 votos a favor y seis en contra, el pleno del <a href=\"https:\/\/twitter.com\/CongresoOaxLXIV?ref_src=twsrc%5Etfw\">@CongresoOaxLXIV<\/a> aprueba Punto de Acuerdo del diputado <a href=\"https:\/\/twitter.com\/cesarmoralesn?ref_src=twsrc%5Etfw\">@cesarmoralesn<\/a>, para exhortar al gobernador <a href=\"https:\/\/twitter.com\/alejandromurat?ref_src=twsrc%5Etfw\">@alejandromurat<\/a> deje de apoyar con recursos promoci\u00f3n de imagen del senador <a href=\"https:\/\/twitter.com\/RaulBCCue?ref_src=twsrc%5Etfw\">@RaulBCCue<\/a>. <a href=\"https:\/\/t.co\/qVd6obc4Yq\">pic.twitter.com\/qVd6obc4Yq<\/a><\/p>&mdash; Zona Roja Oaxaca (@MexRoja) <a href=\"https:\/\/twitter.com\/MexRoja\/status\/1154124196324282368?ref_src=twsrc%5Etfw\">24 de julio de 2019<\/a><\/blockquote><\/div>\n<\/div><\/figure>\n\n\n\n<p>Expuso que si\nel argumento de los funcionarios para invitar al senador por el Partido Verde\nEcologista de M\u00e9xico es la coordinaci\u00f3n institucional entre el Poder Ejecutivo\ny el Legislativo, ello solo puede ser posible si existen reglas claras para\ninvitar a los dos senadores y a la senadora que representan a Oaxaca, as\u00ed como\na los dem\u00e1s diputados federales y estatales.<\/p>\n\n\n\n<p>Por ello,\npidi\u00f3 al gobernador Alejandro Murat actuar \u201ccomo un estadista y hombre de\nEstado\u201d, para prohibir a sus subordinados en todas las \u00e1reas de la\nadministraci\u00f3n, que utilicen recursos p\u00fablicos para la difusi\u00f3n personal del senador\nBola\u00f1os Cacho Cu\u00e9.<\/p>\n\n\n\n<p>Asimismo,\nexhort\u00f3 al Instituto Nacional Electoral y al Instituto Estatal Electoral y de\nParticipaci\u00f3n Ciudadana, adem\u00e1s de la Secretar\u00eda de la Contralor\u00eda, a realizar\nlas investigaciones pertinentes.<\/p>\n","protected":false},"excerpt":{"rendered":"<p>Ismael Garc\u00eda M. San Raymundo Jalpan, Oax., 24 de julio de 2019.- Con 25 votos&hellip;<\/p>\n","protected":false},"author":2,"featured_media":2494,"comment_status":"closed","ping_status":"open","sticky":false,"template":"","format":"standard","meta":{"_lmt_disableupdate":"","_lmt_disable":"","_jetpack_memberships_contains_paid_content":false,"footnotes":""},"categories":[109,47],"tags":[394],"class_list":["post-2493","post","type-post","status-publish","format-standard","has-post-thumbnail","hentry","category-minuto-a-minuto","category-zona-gris","tag-pide-diputado-a-gobernador-de-oaxaca-evite-promocion-personal-de-senador-bolanos-cacho-cue"],"jetpack_featured_media_url":"https:\/\/zonaroja.com.mx\/wp-content\/uploads\/2019\/07\/C\u00e9sar-Morales-Ni\u00f1o.jpg","jetpack_sharing_enabled":true,"_links":{"self":[{"href":"https:\/\/zonaroja.com.mx\/index.php?rest_route=\/wp\/v2\/posts\/2493","targetHints":{"allow":["GET"]}}],"collection":[{"href":"https:\/\/zonaroja.com.mx\/index.php?rest_route=\/wp\/v2\/posts"}],"about":[{"href":"https:\/\/zonaroja.com.mx\/index.php?rest_route=\/wp\/v2\/types\/post"}],"author":[{"embeddable":true,"href":"https:\/\/zonaroja.com.mx\/index.php?rest_route=\/wp\/v2\/users\/2"}],"replies":[{"embeddable":true,"href":"https:\/\/zonaroja.com.mx\/index.php?rest_route=%2Fwp%2Fv2%2Fcomments&post=2493"}],"version-history":[{"count":1,"href":"https:\/\/zonaroja.com.mx\/index.php?rest_route=\/wp\/v2\/posts\/2493\/revisions"}],"predecessor-version":[{"id":2495,"href":"https:\/\/zonaroja.com.mx\/index.php?rest_route=\/wp\/v2\/posts\/2493\/revisions\/2495"}],"wp:featuredmedia":[{"embeddable":true,"href":"https:\/\/zonaroja.com.mx\/index.php?rest_route=\/wp\/v2\/media\/2494"}],"wp:attachment":[{"href":"https:\/\/zonaroja.com.mx\/index.php?rest_route=%2Fwp%2Fv2%2Fmedia&parent=2493"}],"wp:term":[{"taxonomy":"category","embeddable":true,"href":"https:\/\/zonaroja.com.mx\/index.php?rest_route=%2Fwp%2Fv2%2Fcategories&post=2493"},{"taxonomy":"post_tag","embeddable":true,"href":"https:\/\/zonaroja.com.mx\/index.php?rest_route=%2Fwp%2Fv2%2Ftags&post=2493"}],"curies":[{"name":"wp","href":"https:\/\/api.w.org\/{rel}","templated":true}]}}