{"id":24932,"date":"2021-03-20T12:08:41","date_gmt":"2021-03-20T18:08:41","guid":{"rendered":"http:\/\/www.zonaroja.com.mx\/?p=24932"},"modified":"2021-03-20T12:41:56","modified_gmt":"2021-03-20T18:41:56","slug":"ahora-un-probable-feminicidio-de-profesora-en-loxicha-familiares-piden-justicia","status":"publish","type":"post","link":"https:\/\/zonaroja.com.mx\/?p=24932","title":{"rendered":"Ahora un probable feminicidio de profesora en Loxicha; familiares piden justicia"},"content":{"rendered":"\n<p>Evlin Arag\u00f3n\/Zona Roja.<\/p>\n\n\n\n<p>Oaxaca de Ju\u00e1rez, Oax., 20 de marzo de 2021.- Familiares de la profesora Maricela Santiago Jos\u00e9, denunciaron el asesinato de la mujer, en medio de un clima de inseguridad que, aseguran, se vive en la agencia Buenavista, perteneciente al municipio de San Agust\u00edn Loxicha.<\/p>\n\n\n\n<p>Los hechos se registraron el pasado domingo 14 de marzo en la rancher\u00eda El Sina\u00ed, rumbo a Tierra Blanca, Loxicha, a 10 meses de que tambi\u00e9n fuera privado de la vida el estudiante del Instituto Tecnol\u00f3gico del Valle de Oaxaca (ITVO), Eugui Royen, en esta misma comunidad.<\/p>\n\n\n\n<p>Maricela ten\u00eda 42 a\u00f1os de edad y era directora de la Escuela Primaria Biling\u00fce \u00ab21 de Marzo\u00bb de la comunidad La Primavera, perteneciente a la agencia municipal Buenavista, San Agust\u00edn Loxicha.<\/p>\n\n\n\n<p>Mujer comprometida con su profesi\u00f3n, tambi\u00e9n era madre de tres ni\u00f1as, quienes lamentablemente hoy son v\u00edctimas indirectas de la violencia que se vive en la zona y de la cual poco han hecho las autoridades para atender.&nbsp;<\/p>\n\n\n\n<p>De acuerdo con la familia de la mujer, el crimen se da en el marco de una serie de denuncias hechas previamente por habitantes de la zona, quienes de manera continua se ha visto amenazados por la violencia que prevalece desde hace casi un a\u00f1o.<\/p>\n\n\n\n<p>Dicha situaci\u00f3n ha ocasionado que personas inocentes hayan sido v\u00edctimas del clima de inseguridad que se ha generado, sin que a la fecha nadie tome cartas en el asunto, por lo que hacen un llamado urgente a restablecer la paz y el orden en dichas comunidades.<\/p>\n\n\n\n<p>\u201cHacemos un llamado urgente para que se apersone la Guardia Nacional, al igual que se establezca un destacamento de la Polic\u00eda Estatal en la zona\u201d, refirieron pobladores, quienes lamentan la violencia e inseguridad que padecen desde hace meses.&nbsp;<\/p>\n\n\n\n<p>De manera especial pidieron acciones contundentes por parte de las autoridades municipales, estatales y federales, a cuyas fuerzas de seguridad piden hacer presencia en la localidad a fin de garantizar la integridad de la poblaci\u00f3n, la cual solo busca recuperar la paz social que hace meses se perdi\u00f3<\/p>\n\n\n\n<p>As\u00ed mismo, pidieron una investigaci\u00f3n exhaustiva por el crimen de la profesora Maricela con la intenci\u00f3n de identificar a los responsables, a quienes pidan sean sancionados con todo el peso de la ley.&nbsp;<\/p>\n\n\n\n<p>\u201cPedimos justicia inmediata, que se aclare este artero crimen y cese la violencia en la zona\u201d, refieren.&nbsp;<\/p>\n\n\n\n<p>Tambi\u00e9n enviaron sus condolencias a la familia de la profesora a quienes desearon pronto consuelo, al mismo tiempo que solicitaron no quede impune el asesinato de la mujer.<\/p>\n","protected":false},"excerpt":{"rendered":"<p>Evlin Arag\u00f3n\/Zona Roja. Oaxaca de Ju\u00e1rez, Oax., 20 de marzo de 2021.- Familiares de la&hellip;<\/p>\n","protected":false},"author":2,"featured_media":24934,"comment_status":"closed","ping_status":"open","sticky":false,"template":"","format":"standard","meta":{"_lmt_disableupdate":"","_lmt_disable":"","_jetpack_memberships_contains_paid_content":false,"footnotes":""},"categories":[109,51],"tags":[610,2539],"class_list":["post-24932","post","type-post","status-publish","format-standard","has-post-thumbnail","hentry","category-minuto-a-minuto","category-zona-roja","tag-feminicidios-oaxaca","tag-maricela-santiago-jose"],"jetpack_featured_media_url":"https:\/\/zonaroja.com.mx\/wp-content\/uploads\/2021\/03\/7b8994aa-b177-4c50-822a-22cbe9e331db.jpg","jetpack_sharing_enabled":true,"_links":{"self":[{"href":"https:\/\/zonaroja.com.mx\/index.php?rest_route=\/wp\/v2\/posts\/24932","targetHints":{"allow":["GET"]}}],"collection":[{"href":"https:\/\/zonaroja.com.mx\/index.php?rest_route=\/wp\/v2\/posts"}],"about":[{"href":"https:\/\/zonaroja.com.mx\/index.php?rest_route=\/wp\/v2\/types\/post"}],"author":[{"embeddable":true,"href":"https:\/\/zonaroja.com.mx\/index.php?rest_route=\/wp\/v2\/users\/2"}],"replies":[{"embeddable":true,"href":"https:\/\/zonaroja.com.mx\/index.php?rest_route=%2Fwp%2Fv2%2Fcomments&post=24932"}],"version-history":[{"count":1,"href":"https:\/\/zonaroja.com.mx\/index.php?rest_route=\/wp\/v2\/posts\/24932\/revisions"}],"predecessor-version":[{"id":24933,"href":"https:\/\/zonaroja.com.mx\/index.php?rest_route=\/wp\/v2\/posts\/24932\/revisions\/24933"}],"wp:featuredmedia":[{"embeddable":true,"href":"https:\/\/zonaroja.com.mx\/index.php?rest_route=\/wp\/v2\/media\/24934"}],"wp:attachment":[{"href":"https:\/\/zonaroja.com.mx\/index.php?rest_route=%2Fwp%2Fv2%2Fmedia&parent=24932"}],"wp:term":[{"taxonomy":"category","embeddable":true,"href":"https:\/\/zonaroja.com.mx\/index.php?rest_route=%2Fwp%2Fv2%2Fcategories&post=24932"},{"taxonomy":"post_tag","embeddable":true,"href":"https:\/\/zonaroja.com.mx\/index.php?rest_route=%2Fwp%2Fv2%2Ftags&post=24932"}],"curies":[{"name":"wp","href":"https:\/\/api.w.org\/{rel}","templated":true}]}}