{"id":24935,"date":"2021-03-20T18:16:21","date_gmt":"2021-03-21T00:16:21","guid":{"rendered":"http:\/\/www.zonaroja.com.mx\/?p=24935"},"modified":"2021-03-20T18:16:26","modified_gmt":"2021-03-21T00:16:26","slug":"tras-crimen-de-candidata-pan-pri-y-prd-proponen-pacto-de-civilidad","status":"publish","type":"post","link":"https:\/\/zonaroja.com.mx\/?p=24935","title":{"rendered":"Tras crimen de candidata, PAN, PRI y PRD proponen pacto de civilidad"},"content":{"rendered":"\n<p>Yuridiana Sosa\/Zona Roja.<\/p>\n\n\n\n<p>Oaxaca de Ju\u00e1rez, Oax., 20 de marzo de 2021.-\u00a0 Dirigentes de los partidos pol\u00edticos que integran la coalici\u00f3n \u00abVa por Oaxaca\u201d, exigieron a la Fiscal\u00eda General del Estado, justicia por el asesinato de Ivonne Gallegos Carre\u00f1o, candidata a la presidencia municipal de Ocotl\u00e1n de Morelos.<\/p>\n\n\n\n<p>Adem\u00e1s, se\u00f1alaron que es necesario un pacto de civilidad, pues este crimen ha sembrado la violencia y temor entre los aspirantes a un cargo de representaci\u00f3n popular en el proceso electoral de este a\u00f1o, por lo que demandaron garant\u00edas de seguridad para los participantes en la contiendas y para la ciudadan\u00eda.<\/p>\n\n\n\n<p>La presidenta del Comit\u00e9 Ejecutivo Estatal del Partido Acci\u00f3n Nacional (PAN), Natividad D\u00edaz Jim\u00e9nez, conden\u00f3 el ataque armado que le quit\u00f3 la vida a quien los representar\u00eda en la contienda municipal en Ocotl\u00e1n de Morelos, de quien no se tiene antecedentes recientes de hechos contra su integridad previo a este suceso.<\/p>\n\n\n\n<p>\u201cAcci\u00f3n Nacional siempre ha buscado elecciones limpias y justas, en las que la voluntad de los ciudadanos sea el verdadero motivo de un triunfo o derrota\u201d indic\u00f3 la dirigente.<\/p>\n\n\n\n<p>Exigi\u00f3 al nuevo fiscal de Oaxaca, Arturo Peimbert Calvo, seguridad para todos los candidatos de \u201cVa por Oaxaca\u201d, pues entre crimen ha despertado el miedo entre los aspirantes a un cargo de elecci\u00f3n popular, y as\u00ed tambi\u00e9n, pidi\u00f3 a los candidatos de otros organismos pol\u00edticos a realizar una campa\u00f1a limpia.<\/p>\n\n\n\n<figure class=\"wp-block-embed-twitter wp-block-embed is-type-rich is-provider-twitter\"><div class=\"wp-block-embed__wrapper\">\n<div class=\"twitter-tweet\"><blockquote class=\"twitter-tweet\" data-lang=\"es\"><p lang=\"es\" dir=\"ltr\">Oaxaca de Ju\u00e1rez, Oax., 20 de marzo de 2021.- Conferencia de prensa de la dirigencia en Oaxaca del PAN, PRD y PRI, por el asesinato de la candidata a edil Ivonne Gallegos, ocurrido hoy por la ma\u00f1ana. <br>Transmisi\u00f3n: \ud83d\udc47<a href=\"https:\/\/t.co\/ZpP0aRMjY9\">https:\/\/t.co\/ZpP0aRMjY9<\/a> <a href=\"https:\/\/t.co\/F2ooOmcJqz\">pic.twitter.com\/F2ooOmcJqz<\/a><\/p>&mdash; Zona Roja Oaxaca (@Zona_Roja_Oax) <a href=\"https:\/\/twitter.com\/Zona_Roja_Oax\/status\/1373352613752676353?ref_src=twsrc%5Etfw\">20 de marzo de 2021<\/a><\/blockquote><\/div>\n<\/div><\/figure>\n\n\n\n<p>Por su parte, el representante del Partido de la Revoluci\u00f3n Democr\u00e1tica (PRD), Raymundo Carmona Laredo, apunt\u00f3 que este acto de violencia inhibe la elecci\u00f3n y por lo que se hace urgente que la Fiscal\u00eda General de Oaxaca realice las detenciones de los actores materiales e intelectuales.<\/p>\n\n\n\n<p>El presidente del Partido Revolucionario Institucional (PRI) en Oaxaca, Eduardo Rojas Zavaleta, llam\u00f3 al resto de los partidos pol\u00edticos a la civilidad para el respeto a la vida y desarrollar un proceso electoral en unidad y civismo.<\/p>\n\n\n\n<p>Por su parte, el integrante del PAN, Juan Iv\u00e1n Mendoza Reyes, exhort\u00f3 a las autoridades estatales a instalar de forma urgente una mesa de seguridad, en la que participen los partidos pol\u00edticos, para detectar focos rojos y contar con garant\u00edas para los candidatos, militantes y ciudadanos.<\/p>\n\n\n\n<p>La Fiscal\u00eda General del Estado inform\u00f3 que inici\u00f3 la investigaci\u00f3n de los hechos con perspectiva de g\u00e9nero y con los m\u00e1s altos est\u00e1ndares, a fin de procurar una actuaci\u00f3n eficaz y con la debida diligencia.<\/p>\n\n\n\n<p>Este ser\u00eda el primer caso p\u00fablico de feminicidio que enfrenta el nuevo fiscal Arturo Peimbert Calvo.<\/p>\n","protected":false},"excerpt":{"rendered":"<p>Yuridiana Sosa\/Zona Roja. Oaxaca de Ju\u00e1rez, Oax., 20 de marzo de 2021.-\u00a0 Dirigentes de los&hellip;<\/p>\n","protected":false},"author":2,"featured_media":24936,"comment_status":"closed","ping_status":"open","sticky":false,"template":"","format":"standard","meta":{"_lmt_disableupdate":"","_lmt_disable":"","_jetpack_memberships_contains_paid_content":false,"footnotes":""},"categories":[109,47],"tags":[2538],"class_list":["post-24935","post","type-post","status-publish","format-standard","has-post-thumbnail","hentry","category-minuto-a-minuto","category-zona-gris","tag-ivonne-gallegos-carreno"],"jetpack_featured_media_url":"https:\/\/zonaroja.com.mx\/wp-content\/uploads\/2021\/03\/Conferencia-PAN.jpg","jetpack_sharing_enabled":true,"_links":{"self":[{"href":"https:\/\/zonaroja.com.mx\/index.php?rest_route=\/wp\/v2\/posts\/24935","targetHints":{"allow":["GET"]}}],"collection":[{"href":"https:\/\/zonaroja.com.mx\/index.php?rest_route=\/wp\/v2\/posts"}],"about":[{"href":"https:\/\/zonaroja.com.mx\/index.php?rest_route=\/wp\/v2\/types\/post"}],"author":[{"embeddable":true,"href":"https:\/\/zonaroja.com.mx\/index.php?rest_route=\/wp\/v2\/users\/2"}],"replies":[{"embeddable":true,"href":"https:\/\/zonaroja.com.mx\/index.php?rest_route=%2Fwp%2Fv2%2Fcomments&post=24935"}],"version-history":[{"count":1,"href":"https:\/\/zonaroja.com.mx\/index.php?rest_route=\/wp\/v2\/posts\/24935\/revisions"}],"predecessor-version":[{"id":24937,"href":"https:\/\/zonaroja.com.mx\/index.php?rest_route=\/wp\/v2\/posts\/24935\/revisions\/24937"}],"wp:featuredmedia":[{"embeddable":true,"href":"https:\/\/zonaroja.com.mx\/index.php?rest_route=\/wp\/v2\/media\/24936"}],"wp:attachment":[{"href":"https:\/\/zonaroja.com.mx\/index.php?rest_route=%2Fwp%2Fv2%2Fmedia&parent=24935"}],"wp:term":[{"taxonomy":"category","embeddable":true,"href":"https:\/\/zonaroja.com.mx\/index.php?rest_route=%2Fwp%2Fv2%2Fcategories&post=24935"},{"taxonomy":"post_tag","embeddable":true,"href":"https:\/\/zonaroja.com.mx\/index.php?rest_route=%2Fwp%2Fv2%2Ftags&post=24935"}],"curies":[{"name":"wp","href":"https:\/\/api.w.org\/{rel}","templated":true}]}}