{"id":24938,"date":"2021-03-20T18:31:47","date_gmt":"2021-03-21T00:31:47","guid":{"rendered":"http:\/\/www.zonaroja.com.mx\/?p=24938"},"modified":"2021-03-20T18:31:51","modified_gmt":"2021-03-21T00:31:51","slug":"pide-ddhpo-a-fiscalia-proteccion-para-victimas-indirectas-de-crimen-de-candidata","status":"publish","type":"post","link":"https:\/\/zonaroja.com.mx\/?p=24938","title":{"rendered":"Pide DDHPO a Fiscal\u00eda protecci\u00f3n para v\u00edctimas indirectas de crimen de candidata"},"content":{"rendered":"\n<p>Redacci\u00f3n\/Zona Roja.<\/p>\n\n\n\n<p>Oaxaca de Ju\u00e1rez, Oax., 20 de marzo de 2021.- La Defensor\u00eda de los Derechos Humanos del Pueblo de Oaxaca (DDHPO) conden\u00f3 el asesinato de la candidata a la presidencia municipal de Ocotl\u00e1n de Morelos, Ivonne Gallegos Carre\u00f1o, y solicit\u00f3 a la Fiscal\u00eda General de Justicia del Estado (FGJE) la adopci\u00f3n de medidas de protecci\u00f3n para las v\u00edctimas indirectas del hecho.<\/p>\n\n\n\n<p>Luego de tener conocimiento del hecho de violencia, el organismo aut\u00f3nomo inici\u00f3 el expediente DDHPO\/CA\/107\/(16)\/OAX\/2021, mediante el cual pidi\u00f3 a la FGJE una investigaci\u00f3n efectiva y diligente que permita dar con los responsables de este hecho, as\u00ed como informaci\u00f3n a dicha instituci\u00f3n.<\/p>\n\n\n\n<p>Por su parte, el ombudsperson Bernardo Rodr\u00edguez Alamilla se\u00f1al\u00f3 que en el contexto electoral 2021, se deben generar acciones para proteger de manera integral a las mujeres pol\u00edticas que participan en el proceso, y sancionar todos aquellos actos que de manera ileg\u00edtima pongan en riesgo su participaci\u00f3n.<\/p>\n\n\n\n<p>Ante ello, expuso que es fundamental mandar un mensaje de seguridad a todas aquellas mujeres que han decidido participar pol\u00edticamente y urgi\u00f3 a los diferentes niveles de gobierno, a implementar acciones para sancionar las agresiones contra las contendientes, pero principalmente, prevenir la ocurrencia de m\u00e1s hechos de violencia.<\/p>\n\n\n\n<p>El defensor de los Derechos Humanos refiri\u00f3 que tan solo entre 2020 y lo que va de 2021, la Defensor\u00eda Especializada en Equidad de G\u00e9nero y Atenci\u00f3n a Mujeres V\u00edctimas de Violencia ha iniciado 101 expedientes por violencia pol\u00edtica de g\u00e9nero.<\/p>\n\n\n\n<p>Afirm\u00f3 que la violencia pol\u00edtica contra las mujeres es mucho m\u00e1s que un problema criminal, puesto que pone retos muy grandes a la democracia, los derechos humanos y la igualdad de g\u00e9nero, por ello debe ser atendido desde una visi\u00f3n integral que garantice una vida libre de violencia a las mujeres en todos los \u00e1mbitos de su vida, tanto en lo p\u00fablico como en lo privado.<\/p>\n\n\n\n<p>Aunado al contexto de violencia hist\u00f3rica contra las mujeres, indic\u00f3, la pandemia por Covid-19 ha ubicado en un mayor riesgo a las mujeres en la vida privada, pero tambi\u00e9n en la p\u00fablica, por lo que este proceso electoral requiere una mayor observancia y estrategias que permitan garantizar el ejercicio libre de las mujeres a participar en la pol\u00edtica.<\/p>\n\n\n\n<p>Apunt\u00f3 que de cara al proceso electoral en el que se renuevan el Congreso del Estado, 153 presidencias municipales regidas por el sistema de partidos pol\u00edticos, as\u00ed como 10 curules en la C\u00e1mara de Diputados federal, la participaci\u00f3n plena de las mujeres en el \u00e1mbito pol\u00edtico no solo es un derecho humano que debe ser garantizado, sino que es un requisito indispensable tanto para el adecuado funcionamiento de la democracia, como para el crecimiento y desarrollo pr\u00f3spero de nuestras sociedades.<\/p>\n\n\n\n<p>Recalc\u00f3 que es fundamental acabar con las brechas de desigualdad entre hombres y mujeres, puesto que ello provoca actos de discriminaci\u00f3n y distintos tipos de violencias contra las mujeres, el m\u00e1s grave y visible: el feminicidio.<\/p>\n\n\n\n<p>Destac\u00f3 que la DDHPO se mantendr\u00e1 observante del proceso electoral, ya que ha participado como ente vigilante y de mediaci\u00f3n de conflictos en 2018 y 2019.<\/p>\n","protected":false},"excerpt":{"rendered":"<p>Redacci\u00f3n\/Zona Roja. Oaxaca de Ju\u00e1rez, Oax., 20 de marzo de 2021.- La Defensor\u00eda de los&hellip;<\/p>\n","protected":false},"author":2,"featured_media":24939,"comment_status":"closed","ping_status":"open","sticky":false,"template":"","format":"standard","meta":{"_lmt_disableupdate":"","_lmt_disable":"","_jetpack_memberships_contains_paid_content":false,"footnotes":""},"categories":[109,47],"tags":[286,2538],"class_list":["post-24938","post","type-post","status-publish","format-standard","has-post-thumbnail","hentry","category-minuto-a-minuto","category-zona-gris","tag-defensoria-de-los-derechos-humanos-del-pueblo-de-oaxaca","tag-ivonne-gallegos-carreno"],"jetpack_featured_media_url":"https:\/\/zonaroja.com.mx\/wp-content\/uploads\/2021\/03\/Escena-crimen-Ivonne-Gallegos-2.jpg","jetpack_sharing_enabled":true,"_links":{"self":[{"href":"https:\/\/zonaroja.com.mx\/index.php?rest_route=\/wp\/v2\/posts\/24938","targetHints":{"allow":["GET"]}}],"collection":[{"href":"https:\/\/zonaroja.com.mx\/index.php?rest_route=\/wp\/v2\/posts"}],"about":[{"href":"https:\/\/zonaroja.com.mx\/index.php?rest_route=\/wp\/v2\/types\/post"}],"author":[{"embeddable":true,"href":"https:\/\/zonaroja.com.mx\/index.php?rest_route=\/wp\/v2\/users\/2"}],"replies":[{"embeddable":true,"href":"https:\/\/zonaroja.com.mx\/index.php?rest_route=%2Fwp%2Fv2%2Fcomments&post=24938"}],"version-history":[{"count":1,"href":"https:\/\/zonaroja.com.mx\/index.php?rest_route=\/wp\/v2\/posts\/24938\/revisions"}],"predecessor-version":[{"id":24940,"href":"https:\/\/zonaroja.com.mx\/index.php?rest_route=\/wp\/v2\/posts\/24938\/revisions\/24940"}],"wp:featuredmedia":[{"embeddable":true,"href":"https:\/\/zonaroja.com.mx\/index.php?rest_route=\/wp\/v2\/media\/24939"}],"wp:attachment":[{"href":"https:\/\/zonaroja.com.mx\/index.php?rest_route=%2Fwp%2Fv2%2Fmedia&parent=24938"}],"wp:term":[{"taxonomy":"category","embeddable":true,"href":"https:\/\/zonaroja.com.mx\/index.php?rest_route=%2Fwp%2Fv2%2Fcategories&post=24938"},{"taxonomy":"post_tag","embeddable":true,"href":"https:\/\/zonaroja.com.mx\/index.php?rest_route=%2Fwp%2Fv2%2Ftags&post=24938"}],"curies":[{"name":"wp","href":"https:\/\/api.w.org\/{rel}","templated":true}]}}