{"id":24941,"date":"2021-03-20T19:36:57","date_gmt":"2021-03-21T01:36:57","guid":{"rendered":"http:\/\/www.zonaroja.com.mx\/?p=24941"},"modified":"2021-03-20T19:49:37","modified_gmt":"2021-03-21T01:49:37","slug":"amlo-en-la-cuenca-entre-empujones-aglomeraciones-y-protestas","status":"publish","type":"post","link":"https:\/\/zonaroja.com.mx\/?p=24941","title":{"rendered":"AMLO en la Cuenca: entre empujones, aglomeraciones y protestas"},"content":{"rendered":"\n<p>Yuridiana Sosa\/Zona Roja.<\/p>\n\n\n\n<p>San Juan Bautista Tuxtepec, Oax., 20 de marzo de 2021.-\u00a0 Protestas y peticiones de ayuda para encontrar justicia penal, laboral y social, movieron a decenas de personas que abarrotaron los accesos del hotel donde se hosped\u00f3 el Presidente Andr\u00e9s Manuel L\u00f3pez Obrador en Tuxtepec.<\/p>\n\n\n\n<p>La ma\u00f1ana de este s\u00e1bado, tras su vista el viernes a Loma Bonita, las manifestaciones pac\u00edficas a la puerta del hotel dieron los buenos d\u00edas al mandatario mexicano, quien sali\u00f3 por una puerta alterna, con vidrios arriba, a marcha forzada entre el tumulto y saludando detr\u00e1s del cristal.<\/p>\n\n\n\n<p>Entre quienes se quedaron sin poder expresarle directamente su demanda fue la madre de Itzel Gonz\u00e1lez Gonz\u00e1lez, desaparecida hace 11 meses en San Juan Bautista Tuxtepec, sin que existan avances e informes por parte de la Fiscal\u00eda General de Oaxaca.<\/p>\n\n\n\n<p>La madre v\u00edctima de la inseguridad y desaparici\u00f3n de mujeres registradas en Oaxaca, esper\u00f3 al mandatario para pedirle justicia, pero no logr\u00f3 tenerlo de frente, pues el presidente tuvo una salida alterna.<\/p>\n\n\n\n<p>Los \u201cServidores de la naci\u00f3n\u201d trataron de mantener el orden, as\u00ed como el equipo de log\u00edstica de L\u00f3pez Obrador, sin que tuvieran \u00e9xito ante la avalancha de personas que quer\u00edan ver al presidente.<\/p>\n\n\n\n<p>La Subsecci\u00f3n 03, de la Secci\u00f3n 35 del Sindicato Nacional de Trabajadores de la Secretar\u00eda de Salud (SNTE), tambi\u00e9n estuvo presente con manifestaciones que tambi\u00e9n hicieron llegar de forma escrita al presidente.<\/p>\n\n\n\n<p>El movimiento de \u201cSoy qu\u00edmico, no t\u00e9cnico\u201d expres\u00f3 su inconformidad a las omisiones de los Servicios de Salud de Oaxaca (SSO) para una recategorizaci\u00f3n laboral, mientras que trabajadores del Hospital General de Tuxtepec demandaron mejores condiciones labores, desde un nosocomio nuevo, personal, hasta equipo e insumos que el Gobierno del Estado no ha garantizado.<\/p>\n\n\n\n<p>Tambi\u00e9n pensionados del Ingenio azucarero \u201cAdolfo L\u00f3pez Mateos\u201d buscaron al Presidente; trabajadores comisionados de la Escuela Normal Superior Federal de Oaxaca, por falta de pagos; habitantes desplazados de la zona donde se construy\u00f3 la presa \u201cCerro de Oro\u201d, hace m\u00e1s de 40 a\u00f1os, ante injusticias sociales que siguen padeciendo, as\u00ed como habitantes de Santiago Jocotepec que desde hace 11 a\u00f1os demandan la construcci\u00f3n de un puente que fue devastado por un hurac\u00e1n.<\/p>\n\n\n\n<p>Decenas de peticiones m\u00e1s y obsequios fueron entregados al equipo de trabajo con la esperanza de hacerlas llegar a L\u00f3pez Obrador.<\/p>\n\n\n\n<figure class=\"wp-block-embed-twitter wp-block-embed is-type-rich is-provider-twitter\"><div class=\"wp-block-embed__wrapper\">\n<div class=\"twitter-tweet\"><blockquote class=\"twitter-tweet\" data-lang=\"es\"><p lang=\"es\" dir=\"ltr\"><a href=\"https:\/\/twitter.com\/hashtag\/%C3%9AltimoMinuto?src=hash&amp;ref_src=twsrc%5Etfw\">#\u00daltimoMinuto<\/a> <br>Se desata la violencia en el acto del Presidente <a href=\"https:\/\/twitter.com\/lopezobrador_?ref_src=twsrc%5Etfw\">@lopezobrador_<\/a> en el municipio de Valle Nacional, Oaxaca; arman zafarrancho en exterior del encuentro. El gobernador <a href=\"https:\/\/twitter.com\/alejandromurat?ref_src=twsrc%5Etfw\">@alejandromurat<\/a>, imp\u00e1vido. <a href=\"https:\/\/t.co\/x40YtKPZsQ\">pic.twitter.com\/x40YtKPZsQ<\/a><\/p>&mdash; Zona Roja Oaxaca (@Zona_Roja_Oax) <a href=\"https:\/\/twitter.com\/Zona_Roja_Oax\/status\/1373377973756297216?ref_src=twsrc%5Etfw\">20 de marzo de 2021<\/a><\/blockquote><\/div>\n<\/div><\/figure>\n\n\n\n<p>TAMBI\u00c9N EN VALLES<\/p>\n\n\n\n<p>Tras la actividad en Tuxtepec, en la que entreg\u00f3 instrumentos musicales a bandas de la entidad, se dirigi\u00f3 a Valle Nacional para la inauguraci\u00f3n de la Universidad \u201cBenito Ju\u00e1rez Garc\u00eda\u201d.<\/p>\n\n\n\n<p>En su trayecto, recibi\u00f3 muestras de afecta y respaldo de la poblaci\u00f3n de la Cuenca que esper\u00f3 su paso a orilla de la carretera federal 175 Tuxtepec-Oaxaca.<\/p>\n\n\n\n<p>En esa poblaci\u00f3n, puerta de entrada a la regi\u00f3n Sierra Norte, de nueva cuenta grupos en contra suscitaron un zafarrancho e ingresaron de manera violenta, luego de derribar las vallas de acceso, al grito de \u201cEl pueblo manda\u201d.<\/p>\n\n\n\n<p>La principal, inconformidad, contra el edil del municipio, Reynaldo Maga\u00f1a, por no efectuar obras en la comunidad.<\/p>\n","protected":false},"excerpt":{"rendered":"<p>Yuridiana Sosa\/Zona Roja. San Juan Bautista Tuxtepec, Oax., 20 de marzo de 2021.-\u00a0 Protestas y&hellip;<\/p>\n","protected":false},"author":2,"featured_media":24942,"comment_status":"closed","ping_status":"open","sticky":false,"template":"","format":"standard","meta":{"_lmt_disableupdate":"","_lmt_disable":"","_jetpack_memberships_contains_paid_content":false,"footnotes":""},"categories":[109,51],"tags":[1536],"class_list":["post-24941","post","type-post","status-publish","format-standard","has-post-thumbnail","hentry","category-minuto-a-minuto","category-zona-roja","tag-visita-andres-manuel-lopez-obrador-a-oaxaca"],"jetpack_featured_media_url":"https:\/\/zonaroja.com.mx\/wp-content\/uploads\/2021\/03\/Violencia-gira-Valles-AMLO.png","jetpack_sharing_enabled":true,"_links":{"self":[{"href":"https:\/\/zonaroja.com.mx\/index.php?rest_route=\/wp\/v2\/posts\/24941","targetHints":{"allow":["GET"]}}],"collection":[{"href":"https:\/\/zonaroja.com.mx\/index.php?rest_route=\/wp\/v2\/posts"}],"about":[{"href":"https:\/\/zonaroja.com.mx\/index.php?rest_route=\/wp\/v2\/types\/post"}],"author":[{"embeddable":true,"href":"https:\/\/zonaroja.com.mx\/index.php?rest_route=\/wp\/v2\/users\/2"}],"replies":[{"embeddable":true,"href":"https:\/\/zonaroja.com.mx\/index.php?rest_route=%2Fwp%2Fv2%2Fcomments&post=24941"}],"version-history":[{"count":2,"href":"https:\/\/zonaroja.com.mx\/index.php?rest_route=\/wp\/v2\/posts\/24941\/revisions"}],"predecessor-version":[{"id":24945,"href":"https:\/\/zonaroja.com.mx\/index.php?rest_route=\/wp\/v2\/posts\/24941\/revisions\/24945"}],"wp:featuredmedia":[{"embeddable":true,"href":"https:\/\/zonaroja.com.mx\/index.php?rest_route=\/wp\/v2\/media\/24942"}],"wp:attachment":[{"href":"https:\/\/zonaroja.com.mx\/index.php?rest_route=%2Fwp%2Fv2%2Fmedia&parent=24941"}],"wp:term":[{"taxonomy":"category","embeddable":true,"href":"https:\/\/zonaroja.com.mx\/index.php?rest_route=%2Fwp%2Fv2%2Fcategories&post=24941"},{"taxonomy":"post_tag","embeddable":true,"href":"https:\/\/zonaroja.com.mx\/index.php?rest_route=%2Fwp%2Fv2%2Ftags&post=24941"}],"curies":[{"name":"wp","href":"https:\/\/api.w.org\/{rel}","templated":true}]}}