{"id":24952,"date":"2021-03-21T07:22:22","date_gmt":"2021-03-21T13:22:22","guid":{"rendered":"http:\/\/www.zonaroja.com.mx\/?p=24952"},"modified":"2021-03-21T07:22:25","modified_gmt":"2021-03-21T13:22:25","slug":"plantean-a-embajador-de-francia-crisis-de-violencia-de-genero-en-oaxaca","status":"publish","type":"post","link":"https:\/\/zonaroja.com.mx\/?p=24952","title":{"rendered":"Plantean a embajador de Francia crisis de violencia de g\u00e9nero en Oaxaca"},"content":{"rendered":"\n<p>Evlin Arag\u00f3n\/Zona Roja.<\/p>\n\n\n\n<p>Oaxaca de Ju\u00e1rez, Oax., 21 de marzo de 2021.- La organizaci\u00f3n feminista Consorcio Oaxaca plante\u00f3 a la embajada de Francia en M\u00e9xico la crisis que se vive en la entidad en torno a la violencia de g\u00e9nero y feminicida, la cual ha cobrado la vida de 516 mujeres en lo que va de la administraci\u00f3n de Alejandro Murat Hinojosa.<\/p>\n\n\n\n<p>Lo anterior, en el marco de la reciente visita del embajador Jean-Pierre Asvazadourian, quien se reuni\u00f3 con la abogada feminista Y\u00e9sica S\u00e1nchez Maya y la defensora Eva Lucero Rivero Ortiz.\u00a0<\/p>\n\n\n\n<p>De acuerdo con lo expuesto, durante el encuentro se abord\u00f3 la grave situaci\u00f3n de violencia feminicidia que vive Oaxaca, misma que ha sido denunciada en incontables ocasiones por las organizaciones feminista, de manera reciente denunciando el feminicidio de Marycruz, en Santa Mar\u00eda Guienagati.&nbsp;<\/p>\n\n\n\n<p>\u201cEn reuni\u00f3n, se abord\u00f3 la grave situaci\u00f3n de violencia feminicida que vive Oaxaca, las acciones emprendidas por nuestra organizaci\u00f3n, as\u00ed como los retos y desaf\u00edos en la materia\u201d, refiere Consorcio Oaxaca en sus redes sociales.&nbsp;<\/p>\n\n\n\n<p>Mientras que el embajador expres\u00f3 que los derechos de las mujeres y la igualdad de g\u00e9nero son una prioridad de la diplomacia francesa, de ah\u00ed que han encabezado foros al respecto para analizar y debatir la problem\u00e1tica a la que se enfrentan las mujeres en el mundo.&nbsp;<\/p>\n\n\n\n<p>\u201cLos derechos de las mujeres y la igualdad de g\u00e9nero son una prioridad de la #diplomacioafemenista de Francia. Con M\u00e9xico copresidimos este a\u00f1o el Forum generaci\u00f3n Igualdad @GenEgaliteFR. Me impacta el compromiso de la sociedad civil en este \u00e1mbito. @inmujeres @ONUMujeresMX @YaneritMorgan\u201d, cit\u00f3 en un Twitter.&nbsp;<\/p>\n\n\n\n<p>Apenas este jueves, Consorcio Oaxaca denunci\u00f3 el asesinato de una mujer ind\u00edgena en Santa Mar\u00eda Guienagati, el cual pidieron se investigue como feminicidio; as\u00ed mismo, evidenciaron que la cifra de mujeres asesinadas de manera violenta subi\u00f3 a 516.&nbsp;<\/p>\n\n\n\n<p>Tambi\u00e9n se inconformaron con la designaci\u00f3n de Arturo Peimbert Calvo como fiscal general, toda vez que fue denunciado p\u00fablicamente como agresor sexual y estuvo ausente de manera permanente de la Defensor\u00eda de los Derechos Humanos del Pueblo de Oaxaca, durante los siete a\u00f1os que estuvo al frente.<\/p>\n\n\n\n<p>Jean-Pierre Asvazadourian se reuni\u00f3 con Y\u00e9sica S\u00e1nchez Maya luego de que, en diciembre del 2020, la activista oaxaque\u00f1a fue galardonada con una menci\u00f3n honor\u00edfica en el premio franco-alem\u00e1n de Derechos Humanos \u201cGilberto Bosques\u201d, el cual reconoce a las personas, colectivos y organizaciones, que hayan destacado en la difusi\u00f3n y defensa de los Derechos Humanos, la Paz, la Solidaridad y la Justicia.<\/p>\n","protected":false},"excerpt":{"rendered":"<p>Evlin Arag\u00f3n\/Zona Roja. Oaxaca de Ju\u00e1rez, Oax., 21 de marzo de 2021.- La organizaci\u00f3n feminista&hellip;<\/p>\n","protected":false},"author":2,"featured_media":24953,"comment_status":"closed","ping_status":"open","sticky":false,"template":"","format":"standard","meta":{"_lmt_disableupdate":"","_lmt_disable":"","_jetpack_memberships_contains_paid_content":false,"footnotes":""},"categories":[109,46],"tags":[1093],"class_list":["post-24952","post","type-post","status-publish","format-standard","has-post-thumbnail","hentry","category-minuto-a-minuto","category-zona-blanca","tag-consorcio-para-el-dialogo-oaxaca"],"jetpack_featured_media_url":"https:\/\/zonaroja.com.mx\/wp-content\/uploads\/2021\/03\/Consorcio-y-embajador.png","jetpack_sharing_enabled":true,"_links":{"self":[{"href":"https:\/\/zonaroja.com.mx\/index.php?rest_route=\/wp\/v2\/posts\/24952","targetHints":{"allow":["GET"]}}],"collection":[{"href":"https:\/\/zonaroja.com.mx\/index.php?rest_route=\/wp\/v2\/posts"}],"about":[{"href":"https:\/\/zonaroja.com.mx\/index.php?rest_route=\/wp\/v2\/types\/post"}],"author":[{"embeddable":true,"href":"https:\/\/zonaroja.com.mx\/index.php?rest_route=\/wp\/v2\/users\/2"}],"replies":[{"embeddable":true,"href":"https:\/\/zonaroja.com.mx\/index.php?rest_route=%2Fwp%2Fv2%2Fcomments&post=24952"}],"version-history":[{"count":1,"href":"https:\/\/zonaroja.com.mx\/index.php?rest_route=\/wp\/v2\/posts\/24952\/revisions"}],"predecessor-version":[{"id":24954,"href":"https:\/\/zonaroja.com.mx\/index.php?rest_route=\/wp\/v2\/posts\/24952\/revisions\/24954"}],"wp:featuredmedia":[{"embeddable":true,"href":"https:\/\/zonaroja.com.mx\/index.php?rest_route=\/wp\/v2\/media\/24953"}],"wp:attachment":[{"href":"https:\/\/zonaroja.com.mx\/index.php?rest_route=%2Fwp%2Fv2%2Fmedia&parent=24952"}],"wp:term":[{"taxonomy":"category","embeddable":true,"href":"https:\/\/zonaroja.com.mx\/index.php?rest_route=%2Fwp%2Fv2%2Fcategories&post=24952"},{"taxonomy":"post_tag","embeddable":true,"href":"https:\/\/zonaroja.com.mx\/index.php?rest_route=%2Fwp%2Fv2%2Ftags&post=24952"}],"curies":[{"name":"wp","href":"https:\/\/api.w.org\/{rel}","templated":true}]}}