{"id":24955,"date":"2021-03-21T07:31:11","date_gmt":"2021-03-21T13:31:11","guid":{"rendered":"http:\/\/www.zonaroja.com.mx\/?p=24955"},"modified":"2021-03-21T13:05:31","modified_gmt":"2021-03-21T19:05:31","slug":"ocotlan-violencia-cotidiana-de-alto-impacto-y-nadie-hace-nada","status":"publish","type":"post","link":"https:\/\/zonaroja.com.mx\/?p=24955","title":{"rendered":"Ocotl\u00e1n: violencia cotidiana de alto impacto\u2026 y nadie hace nada"},"content":{"rendered":"\n<p>Yuridiana Sosa\/Zona Roja.  <\/p>\n\n\n\n<p>Oaxaca de Ju\u00e1rez, Oax., 20 de marzo de 2021.- Desde hace por lo menos seis a\u00f1os, diversos hechos de violencia de alto impacto han marcado la vida pol\u00edtica y social en Ocotl\u00e1n de Morelos, en la regi\u00f3n de Valles Centrales de Oaxaca.<\/p>\n\n\n\n<p>Asimismo, de acuerdo con las propias corporaciones de seguridad y de investigaci\u00f3n, la zona es sede de grupos delictivos de robo de camiones de transporte de carga y de veh\u00edculos particulares, adem\u00e1s de trasiego de droga.<\/p>\n\n\n\n<p>Ciudadanos comunes, un ex edil, familiares de funcionarios y candidatos, han perdido la vida en manos de grupos armados en hechos registrados desde 2015 a la fecha, con el m\u00e1s reciente feminicidio con arma de fuego de la precandidata a la presidencia de Ocotl\u00e1n, Ivonne Gallegos Carre\u00f1o.<\/p>\n\n\n\n<p>El asesinato de la ex diputada local del Partido Acci\u00f3n Nacional, por el que tambi\u00e9n contender\u00eda en el proceso electoral 2021, en el municipio vecino de Ocotl\u00e1n, Santo Tom\u00e1s Jalieza, ocurri\u00f3 este 20 de marzo por la ma\u00f1ana; a unos d\u00edas de la definici\u00f3n de candidatos por la alianza \u201cVa por Oaxaca\u201d.<\/p>\n\n\n\n<p>Pero en lo que va de 2021 los hechos violentos han tenido una mayor incidencia.<\/p>\n\n\n\n<p>En febrero pasado, dos mujeres fueron asesinadas en un ataque armado cuando se encontraban en un predio de su propiedad a la orilla del libramiento de Ocotl\u00e1n, en jurisdicci\u00f3n de ese municipio.<\/p>\n\n\n\n<p>De acuerdo con reportes policiales, las v\u00edctimas fueron registradas como Bernarda R. D., de 54 a\u00f1os de edad, y Rosa Isela L. M., de 36 a\u00f1os, esta \u00faltima docente de la Secci\u00f3n 22 del SNTE.<\/p>\n\n\n\n<p>El pasado 14 de marzo, el cuerpo sin vida de un var\u00f3n fue localizado en el camino de terracer\u00eda que conduce al parque Mar\u00eda Luisa en la comunidad de Santa Mar\u00eda Tocuela, del municipio de Ocotl\u00e1n.<\/p>\n\n\n\n<p>La v\u00edctima ten\u00eda 35 a\u00f1os de edad, presentaba impactos de balas en la cabeza y horas antes hab\u00eda sido v\u00edctima de la privaci\u00f3n ilegal de su libertad mediante la sustracci\u00f3n de su domicilio con violencia.<\/p>\n\n\n\n<p>En 2020 tambi\u00e9n se present\u00f3 un hecho violento que dej\u00f3 como saldo cuatro personas asesinadas en un ataque armado.<\/p>\n\n\n\n<p>En julio del a\u00f1o pasado un comando armado atac\u00f3 a un grupo de cuatro personas, entre ellas una mujer, sobre la carretera federal 175 Oaxaca-Puerto \u00c1ngel. Dos de los cuerpos fueron hallados al interior de un taller el\u00e9ctrico y dos m\u00e1s a un costado de una camioneta Ford blanca con placas de la Ciudad de M\u00e9xico.<\/p>\n\n\n\n<p>Asimismo, el 9 de enero del a\u00f1o 2020, el empresario de tortiller\u00edas en Ocotl\u00e1n y dedicado a bienes y ra\u00edces, Luis Fernando O.G., de 33 a\u00f1os de edad, primo de la ahora extinta Iv\u00f3n Gallegos, fue ejecutado frente a s domicilio.<\/p>\n\n\n\n<p>Otro de los actos violentos de mayor impacto fue el asesinato del entonces presidente municipal de Ocotl\u00e1n, Jos\u00e9 Villanueva, el 17 de diciembre de 2016.<\/p>\n\n\n\n<p>La autoridad municipal fue acribillada mientras se encontraba en una cenadur\u00eda en el centro de su poblaci\u00f3n.<\/p>\n\n\n\n<p>Mientras que en marzo de 2015 fue ejecutado en el centro de municipio de Ocotl\u00e1n de Morelos, el entonces esposo de Ivonne Gallegos, Jos\u00e9 Luis M\u00e9ndez Lara.<\/p>\n\n\n\n<p>Pese a ello, han sido escasos los operativos conjuntos que se realizan en dicho municipio, ubicado a unos 30 kil\u00f3metros al sur de la capital.<\/p>\n","protected":false},"excerpt":{"rendered":"<p>Yuridiana Sosa\/Zona Roja. Oaxaca de Ju\u00e1rez, Oax., 20 de marzo de 2021.- Desde hace por&hellip;<\/p>\n","protected":false},"author":2,"featured_media":24969,"comment_status":"closed","ping_status":"open","sticky":false,"template":"","format":"standard","meta":{"_lmt_disableupdate":"","_lmt_disable":"","_jetpack_memberships_contains_paid_content":false,"footnotes":""},"categories":[109,47],"tags":[835],"class_list":["post-24955","post","type-post","status-publish","format-standard","has-post-thumbnail","hentry","category-minuto-a-minuto","category-zona-gris","tag-ocotlan-de-morelos"],"jetpack_featured_media_url":"https:\/\/zonaroja.com.mx\/wp-content\/uploads\/2021\/03\/Ivonne-Gallegos-Ocotlan-1.jpg","jetpack_sharing_enabled":true,"_links":{"self":[{"href":"https:\/\/zonaroja.com.mx\/index.php?rest_route=\/wp\/v2\/posts\/24955","targetHints":{"allow":["GET"]}}],"collection":[{"href":"https:\/\/zonaroja.com.mx\/index.php?rest_route=\/wp\/v2\/posts"}],"about":[{"href":"https:\/\/zonaroja.com.mx\/index.php?rest_route=\/wp\/v2\/types\/post"}],"author":[{"embeddable":true,"href":"https:\/\/zonaroja.com.mx\/index.php?rest_route=\/wp\/v2\/users\/2"}],"replies":[{"embeddable":true,"href":"https:\/\/zonaroja.com.mx\/index.php?rest_route=%2Fwp%2Fv2%2Fcomments&post=24955"}],"version-history":[{"count":4,"href":"https:\/\/zonaroja.com.mx\/index.php?rest_route=\/wp\/v2\/posts\/24955\/revisions"}],"predecessor-version":[{"id":24970,"href":"https:\/\/zonaroja.com.mx\/index.php?rest_route=\/wp\/v2\/posts\/24955\/revisions\/24970"}],"wp:featuredmedia":[{"embeddable":true,"href":"https:\/\/zonaroja.com.mx\/index.php?rest_route=\/wp\/v2\/media\/24969"}],"wp:attachment":[{"href":"https:\/\/zonaroja.com.mx\/index.php?rest_route=%2Fwp%2Fv2%2Fmedia&parent=24955"}],"wp:term":[{"taxonomy":"category","embeddable":true,"href":"https:\/\/zonaroja.com.mx\/index.php?rest_route=%2Fwp%2Fv2%2Fcategories&post=24955"},{"taxonomy":"post_tag","embeddable":true,"href":"https:\/\/zonaroja.com.mx\/index.php?rest_route=%2Fwp%2Fv2%2Ftags&post=24955"}],"curies":[{"name":"wp","href":"https:\/\/api.w.org\/{rel}","templated":true}]}}