{"id":2496,"date":"2019-07-24T22:18:20","date_gmt":"2019-07-25T03:18:20","guid":{"rendered":"http:\/\/www.zonaroja.com.mx\/?p=2496"},"modified":"2019-07-24T22:18:22","modified_gmt":"2019-07-25T03:18:22","slug":"miercoles-fatal-en-oaxaca-cuatro-ejecutados-entre-ellos-un-adolescente","status":"publish","type":"post","link":"https:\/\/zonaroja.com.mx\/?p=2496","title":{"rendered":"Mi\u00e9rcoles fatal en Oaxaca: cuatro ejecutados, entre ellos un adolescente"},"content":{"rendered":"\n<p>Redacci\u00f3n<\/p>\n\n\n\n<p>Oaxaca de\nJu\u00e1rez, Oax., 24 de julio de 2019.- Un en\u00e9simo d\u00eda violento vivi\u00f3 Oaxaca en el\nmarco de las fiestas de la Guelaguetza, con cuatro personas ejecutadas a\nbalazos, entre ellas un menor de edad; dos heridos en el Centro Hist\u00f3rico de la\ncapital, uno de ellos de la Agencia Estatal de Investigaciones, y disparos de\narmas de fuego en la colonia Estado de Oaxaca de la ciudad.<\/p>\n\n\n\n<p>Por la\nma\u00f1ana, en un camino a la agencia de La Junta, del municipio de Acatl\u00e1n de\nP\u00e9rez Figueroa, fueron hallados dos cuerpos, con se\u00f1ales de tortura y disparos\nde armas de fuego; uno adem\u00e1s fue degollado.<\/p>\n\n\n\n<p>En el paraje\n\u201cEl Vado\u201d se hall\u00f3 a Celerino M. A., de unos 35 a\u00f1os de edad, y Constantino R.\nZ., de 17 a\u00f1os, ambos con domicilio en Acatl\u00e1n. <\/p>\n\n\n\n<p>Por la\ntarde, en Huajuapan de Le\u00f3n un joven de aproximadamente 27 a\u00f1os de edad fue\natacado a balazos, a la altura de la cancha de futbol de la agencia de La\nEstancia, del municipio de Huajuapan de Le\u00f3n.<\/p>\n\n\n\n<p>Malherido,\nfue trasladado al hospital general, donde perdi\u00f3 la vida debido a la gravedad\nde las heridas; fue identificado como Sergio P. S., con domicilio en el\ncallej\u00f3n La Soledad de La Estancia.<\/p>\n\n\n\n<p>Mientras que\nen Santiago Jamiltepec, regi\u00f3n Costa, sobre el bulevar Luis Donaldo Colosio fue\nultimado a balazos un individuo, alrededor de las 19:00 horas.<\/p>\n\n\n\n<p>De manera\npreliminar, seg\u00fan informes policiacos, el hoy occiso viajaba en su camioneta\ncuando fue alcanzado por individuos en una unidad de motor, que le dispararon a\nquemarropa, por lo que muri\u00f3 en el mismo sitio.<\/p>\n\n\n\n<p>Por la\ntarde, mientras el fiscal General del Estado, Rub\u00e9n Vasconcelos M\u00e9ndez,\ndisfrutaba de la calenda de comerciantes del Mercado de Abasto, en el mismo\nCentro Hist\u00f3rico, a unas cuadras del jolgorio, fueron lesionadas dos personas.<\/p>\n\n\n\n<p>Fue en la\nesquina de la avenida Morelos con Garc\u00eda Vigil en que se suscit\u00f3 la agresi\u00f3n\ncon arma blanca, cuyas v\u00edctimas, una mujer y un elemento de la Agencia Estatal\nde Investigaciones, fueron atendidas por param\u00e9dicos de la Cruz Roja Mexicana.<\/p>\n\n\n\n<p>En tanto, en\nun intento de asalto, dos personas fueron lesionadas por arma de fuego, en la\ncolonia Estado de Oaxaca, perteneciente a la agencia de San Mart\u00edn Mexic\u00e1pam,\nOaxaca de Ju\u00e1rez.<\/p>\n\n\n\n<p>En tanto,\nindividuos armados atracaron una sucursal de la tienda Oxxo ubicada sobre la\navenida Eduardo Mata, tambi\u00e9n conocida como Perif\u00e9rico, a la altura del\nfraccionamiento La Noria; tras apoderarse del dinero en efectivo, los maleantes\nse dieron a la fuga.<\/p>\n","protected":false},"excerpt":{"rendered":"<p>Redacci\u00f3n Oaxaca de Ju\u00e1rez, Oax., 24 de julio de 2019.- Un en\u00e9simo d\u00eda violento vivi\u00f3&hellip;<\/p>\n","protected":false},"author":2,"featured_media":2497,"comment_status":"closed","ping_status":"open","sticky":false,"template":"","format":"standard","meta":{"_lmt_disableupdate":"","_lmt_disable":"","_jetpack_memberships_contains_paid_content":false,"footnotes":""},"categories":[109,51],"tags":[395],"class_list":["post-2496","post","type-post","status-publish","format-standard","has-post-thumbnail","hentry","category-minuto-a-minuto","category-zona-roja","tag-cuatro-ejecutados-en-oaxaca-miercoles-guelaguetza"],"jetpack_featured_media_url":"https:\/\/zonaroja.com.mx\/wp-content\/uploads\/2019\/07\/91476eb7-4b94-4ec0-9aba-63afd74d010d.jpg","jetpack_sharing_enabled":true,"_links":{"self":[{"href":"https:\/\/zonaroja.com.mx\/index.php?rest_route=\/wp\/v2\/posts\/2496","targetHints":{"allow":["GET"]}}],"collection":[{"href":"https:\/\/zonaroja.com.mx\/index.php?rest_route=\/wp\/v2\/posts"}],"about":[{"href":"https:\/\/zonaroja.com.mx\/index.php?rest_route=\/wp\/v2\/types\/post"}],"author":[{"embeddable":true,"href":"https:\/\/zonaroja.com.mx\/index.php?rest_route=\/wp\/v2\/users\/2"}],"replies":[{"embeddable":true,"href":"https:\/\/zonaroja.com.mx\/index.php?rest_route=%2Fwp%2Fv2%2Fcomments&post=2496"}],"version-history":[{"count":1,"href":"https:\/\/zonaroja.com.mx\/index.php?rest_route=\/wp\/v2\/posts\/2496\/revisions"}],"predecessor-version":[{"id":2498,"href":"https:\/\/zonaroja.com.mx\/index.php?rest_route=\/wp\/v2\/posts\/2496\/revisions\/2498"}],"wp:featuredmedia":[{"embeddable":true,"href":"https:\/\/zonaroja.com.mx\/index.php?rest_route=\/wp\/v2\/media\/2497"}],"wp:attachment":[{"href":"https:\/\/zonaroja.com.mx\/index.php?rest_route=%2Fwp%2Fv2%2Fmedia&parent=2496"}],"wp:term":[{"taxonomy":"category","embeddable":true,"href":"https:\/\/zonaroja.com.mx\/index.php?rest_route=%2Fwp%2Fv2%2Fcategories&post=2496"},{"taxonomy":"post_tag","embeddable":true,"href":"https:\/\/zonaroja.com.mx\/index.php?rest_route=%2Fwp%2Fv2%2Ftags&post=2496"}],"curies":[{"name":"wp","href":"https:\/\/api.w.org\/{rel}","templated":true}]}}