{"id":24974,"date":"2021-03-21T18:10:07","date_gmt":"2021-03-22T00:10:07","guid":{"rendered":"http:\/\/www.zonaroja.com.mx\/?p=24974"},"modified":"2021-03-21T18:10:11","modified_gmt":"2021-03-22T00:10:11","slug":"una-menor-de-edad-pide-justicia-por-su-padre-asesinado-en-la-cuenca","status":"publish","type":"post","link":"https:\/\/zonaroja.com.mx\/?p=24974","title":{"rendered":"Una menor de edad pide justicia por su padre asesinado en la Cuenca"},"content":{"rendered":"\n<p>Yuridiana Sosa\/Zona Roja.<\/p>\n\n\n\n<p>Oaxaca de Ju\u00e1rez, Oax., 21 de marzo de 2021.- Una adolecente ind\u00edgena del municipio de San Jos\u00e9 Independencia, en la regi\u00f3n de la Cuenca, exige al gobierno de Oaxaca justicia por el asesinato de su padre, ocurrido el pasado mes de diciembre de 2020, y hasta el momento sus agresores siguen libres.<\/p>\n\n\n\n<p>Por medio de un video que subi\u00f3 a su cuenta de Facebook, la menor de edad, que se identific\u00f3 como Karen Bel\u00e9n M. G., narr\u00f3 parte de la tragedia y suplic\u00f3 a las autoridades de Oaxaca que el crimen del se\u00f1or Roberto Mart\u00ednez Calleja, ex agente de la comunidad de Isla Buenos Aires, no quede impune.<\/p>\n\n\n\n<p>\u201cPido a las autoridades ministeriales que se haga justicia, porque solo as\u00ed nosotros los j\u00f3venes, creemos en la verdad\u201d.<\/p>\n\n\n\n<p>De acuerdo con la menor su padre fue asesinado por impedir actos de corrupci\u00f3n y robo en la \u201cCasa del ni\u00f1o ind\u00edgena\u201d, por parte del profesor Juan Pablo Morales Garc\u00eda y Gabriel Centeno Mart\u00ednez.<\/p>\n\n\n\n<p>El pasado 16 de diciembre de 2020, un grupo de hombres armados ingres\u00f3 a la vivienda de la familia de Roberto Mart\u00ednez Calleja, liderados por Juan Pablo Morales. El entonces agente municipal fue sacado de su vivienda y ejecutado por la espalda, relat\u00f3 la joven.<\/p>\n\n\n\n<p>\u201cTengo miedo que no se haga justicia\u201d, expresa Karen Bel\u00e9n, quien a su vez pronostica el dif\u00edcil escenario que le deja la p\u00e9rdida de su padre, en lo emocional y econ\u00f3mico, pues para alcanzar su sue\u00f1o de ser una profesionista deber\u00e1 trabajar para ayudar a su mam\u00e1 con el sustento de sus hermanos.<\/p>\n\n\n\n<p>Karen Bel\u00e9n pide ayuda de la poblaci\u00f3n a compartir su video para que el caso de su padre llegue a las autoridades correspondientes.<\/p>\n\n\n\n<p>\u201cNosotros, sus hijos, su esposa y su madre pedimos justicia, y que Juan Pablo Morelos Garc\u00eda y Gabriel Centeno Mart\u00ednez, paguen por lo que hicieron a mi padre\u201d.<\/p>\n","protected":false},"excerpt":{"rendered":"<p>Yuridiana Sosa\/Zona Roja. Oaxaca de Ju\u00e1rez, Oax., 21 de marzo de 2021.- Una adolecente ind\u00edgena&hellip;<\/p>\n","protected":false},"author":2,"featured_media":22863,"comment_status":"closed","ping_status":"open","sticky":false,"template":"","format":"standard","meta":{"_lmt_disableupdate":"","_lmt_disable":"","_jetpack_memberships_contains_paid_content":false,"footnotes":""},"categories":[109,47],"tags":[2402],"class_list":["post-24974","post","type-post","status-publish","format-standard","has-post-thumbnail","hentry","category-minuto-a-minuto","category-zona-gris","tag-san-jose-independencia"],"jetpack_featured_media_url":"https:\/\/zonaroja.com.mx\/wp-content\/uploads\/2021\/01\/San-Jose-Independencia.jpg","jetpack_sharing_enabled":true,"_links":{"self":[{"href":"https:\/\/zonaroja.com.mx\/index.php?rest_route=\/wp\/v2\/posts\/24974","targetHints":{"allow":["GET"]}}],"collection":[{"href":"https:\/\/zonaroja.com.mx\/index.php?rest_route=\/wp\/v2\/posts"}],"about":[{"href":"https:\/\/zonaroja.com.mx\/index.php?rest_route=\/wp\/v2\/types\/post"}],"author":[{"embeddable":true,"href":"https:\/\/zonaroja.com.mx\/index.php?rest_route=\/wp\/v2\/users\/2"}],"replies":[{"embeddable":true,"href":"https:\/\/zonaroja.com.mx\/index.php?rest_route=%2Fwp%2Fv2%2Fcomments&post=24974"}],"version-history":[{"count":1,"href":"https:\/\/zonaroja.com.mx\/index.php?rest_route=\/wp\/v2\/posts\/24974\/revisions"}],"predecessor-version":[{"id":24975,"href":"https:\/\/zonaroja.com.mx\/index.php?rest_route=\/wp\/v2\/posts\/24974\/revisions\/24975"}],"wp:featuredmedia":[{"embeddable":true,"href":"https:\/\/zonaroja.com.mx\/index.php?rest_route=\/wp\/v2\/media\/22863"}],"wp:attachment":[{"href":"https:\/\/zonaroja.com.mx\/index.php?rest_route=%2Fwp%2Fv2%2Fmedia&parent=24974"}],"wp:term":[{"taxonomy":"category","embeddable":true,"href":"https:\/\/zonaroja.com.mx\/index.php?rest_route=%2Fwp%2Fv2%2Fcategories&post=24974"},{"taxonomy":"post_tag","embeddable":true,"href":"https:\/\/zonaroja.com.mx\/index.php?rest_route=%2Fwp%2Fv2%2Ftags&post=24974"}],"curies":[{"name":"wp","href":"https:\/\/api.w.org\/{rel}","templated":true}]}}