{"id":24983,"date":"2021-03-22T07:52:14","date_gmt":"2021-03-22T13:52:14","guid":{"rendered":"http:\/\/www.zonaroja.com.mx\/?p=24983"},"modified":"2021-03-22T07:52:18","modified_gmt":"2021-03-22T13:52:18","slug":"no-cesa-vandalismo-de-normalistas-hay-respuesta-a-contrataciones-ieepo","status":"publish","type":"post","link":"https:\/\/zonaroja.com.mx\/?p=24983","title":{"rendered":"No cesa vandalismo de normalistas; hay respuesta a contrataciones: IEEPO"},"content":{"rendered":"\n<p>Redacci\u00f3n\/Zona Roja.<\/p>\n\n\n\n<p>Oaxaca de Ju\u00e1rez, Oax., 22 de marzo de 2021.- La jornada violenta de estudiantes de escuelas Normales de Oaxaca reinici\u00f3 desde ayer domingo.<\/p>\n\n\n\n<p>Anoche en la zona norte de la capital, se apoderaron con violencia de al menos cuatro camiones del transporte urbano; tras ello, se dirigieron al edificio de la Secci\u00f3n 22 del SNTE en la avenida L\u00e1zaro C\u00e1rdenas de Santa Luc\u00eda del Camino.<\/p>\n\n\n\n<p>Ah\u00ed quemaron papeler\u00eda, rompieron vidrios y vandalizaron paredes, tras lo cual se retiraron a la sede del comit\u00e9 magisterial, en el Centro Hist\u00f3rico de la ciudad y esta ma\u00f1ana retomaron los autobuses para concentrarse en el Centro Regional de Educaci\u00f3n Normal de Oaxaca (CRENO)<\/p>\n\n\n\n<p>HAY RESPUESTAS<\/p>\n\n\n\n<p>En un comunicado, el Instituto Estatal de Educaci\u00f3n P\u00fablica de Oaxaca (IEEPO), dijo que tiene las puertas abiertas para dialogar con las y los estudiantes de las 11 escuelas Normales en la entidad.<\/p>\n\n\n\n<p>\u201cY con apego al marco administrativo y legal dio respuesta a los 24 puntos presentados en un documento con sus planteamientos; adem\u00e1s de que seguir\u00e1 con el acompa\u00f1amiento a los tr\u00e1mites y gestiones correspondientes ante la federaci\u00f3n\u201d.<\/p>\n\n\n\n<p>Detall\u00f3 que dentro del ejercicio de transparencia, honradez y rendici\u00f3n de cuentas al que est\u00e1 comprometido la instituci\u00f3n, la propuesta \u00edntegra se encuentra disponible para su consulta en la p\u00e1gina web institucional www.oaxaca.gob.mx\/ieepo.<\/p>\n\n\n\n<p>Adem\u00e1s, en este mismo enlace se pueden revisar los listados con los detalles de mil 329 normalistas contratados de las generaciones 2017-2018 y 2018 -2019.<\/p>\n\n\n\n<p>De la generaci\u00f3n 2017-2018, ingresaron al sistema educativo en la entidad 695 nuevos maestros, de los cuales, por nivel fueron: en Educaci\u00f3n Especial 39, en Educaci\u00f3n F\u00edsica 152, en Preescolar Ind\u00edgena nueve, en Preescolar General 228, en Primaria Ind\u00edgena cinco y en Primaria General 262.<\/p>\n\n\n\n<p>Asimismo, de la generaci\u00f3n 2018-2019 suman 634 los normalistas egresados contratados; de ellos, en Educaci\u00f3n Especial fueron 42, en Educaci\u00f3n F\u00edsica 121, en Preescolar Ind\u00edgena cinco, en Preescolar General 160, en Primaria Ind\u00edgena 22 y en Primaria General 284.<\/p>\n\n\n\n<p>Respecto a los integrantes de la generaci\u00f3n 2019-2020 ser\u00e1n contratados aquellos que se encuentren titulados -requisito indispensable- y mediante convocatoria p\u00fablica. Para ello, est\u00e1 por iniciar el proceso de contrataci\u00f3n, el cual deber\u00e1 concluir antes del comienzo del siguiente ciclo escolar.<\/p>\n\n\n\n<p>La autoridad educativa informa que ingresar\u00e1n todos los exalumnos que hayan cumplido los requisitos y los procesos normativos estipulados por la Unidad del Sistema para la Carrera de las Maestras y los Maestros (Usicamm) con apego a criterios de equidad, transparencia y de acuerdo a la vacancia disponible.<\/p>\n\n\n\n<p>Sobre las respuestas a las peticiones de los futuros maestros presentadas a trav\u00e9s de la&nbsp; Coordinadora Estudiantil Normalista del Estado de Oaxaca (CENEO), se informa que en la solicitud de que se reconozcan y respeten la autonom\u00eda, organizaci\u00f3n e injerencia respectiva de cada uno de los comit\u00e9s y\/o consejos estudiantiles de las 11 Normales, el IEEPO reitera que es respetuoso de las formas de organizaci\u00f3n y participaci\u00f3n de cada una de los planteles de la entidad.<\/p>\n\n\n\n<p>Asimismo, la respuesta a la exigencia sobre la contrataci\u00f3n autom\u00e1tica de la generaci\u00f3n 2017-2021 de las 11 Escuelas Normales P\u00fablicas del Estado de Oaxaca, sin ning\u00fan condicionamiento, rechazando todo examen o plataforma, es que en tanto la normatividad vigente no sea modificada, el proceso de admisi\u00f3n en educaci\u00f3n b\u00e1sica se realiza a trav\u00e9s de la Convocatoria emitida por la Unidad de Sistema para la Carrera de las Maestras y Maestros (Usicamm) y conforme a la vacancia existente en cada entidad federativa.<\/p>\n\n\n\n<p>Por otra parte, en la petici\u00f3n de que se gestionen nuevos transportes escolares para cada uno de los planteles (autobuses, sprinter y camionetas), el Instituto indica que opera bajo los Lineamientos del Fondo de Aportaciones para la N\u00f3mina Educativa y Gasto Operativo (FONE) y los recursos solo pueden ser utilizados para los fines autorizados y marcados en el punto 4.2 Uso de los Recursos que exige gran responsabilidad y cuidado en las asignaciones presupuestarias.<\/p>\n\n\n\n<p>El IEEPO reitera la firme voluntad del Gobierno del Estado, por encontrar junto a las y los normalistas las mejores v\u00edas de conciliaci\u00f3n que permitan atender en la medida de las posibilidades y marco legal, los planteamientos hechos por los futuros maestros quienes tendr\u00e1n la responsabilidad de forjar a nuevas generaciones de ni\u00f1as, ni\u00f1os y j\u00f3venes.<\/p>\n","protected":false},"excerpt":{"rendered":"<p>Redacci\u00f3n\/Zona Roja. Oaxaca de Ju\u00e1rez, Oax., 22 de marzo de 2021.- La jornada violenta de&hellip;<\/p>\n","protected":false},"author":2,"featured_media":24984,"comment_status":"closed","ping_status":"open","sticky":false,"template":"","format":"standard","meta":{"_lmt_disableupdate":"","_lmt_disable":"","_jetpack_memberships_contains_paid_content":false,"footnotes":""},"categories":[109,47],"tags":[599],"class_list":["post-24983","post","type-post","status-publish","format-standard","has-post-thumbnail","hentry","category-minuto-a-minuto","category-zona-gris","tag-instituto-estatal-de-educacion-publica-de-oaxaca"],"jetpack_featured_media_url":"https:\/\/zonaroja.com.mx\/wp-content\/uploads\/2021\/03\/Vandalismo-normalistas.jpg","jetpack_sharing_enabled":true,"_links":{"self":[{"href":"https:\/\/zonaroja.com.mx\/index.php?rest_route=\/wp\/v2\/posts\/24983","targetHints":{"allow":["GET"]}}],"collection":[{"href":"https:\/\/zonaroja.com.mx\/index.php?rest_route=\/wp\/v2\/posts"}],"about":[{"href":"https:\/\/zonaroja.com.mx\/index.php?rest_route=\/wp\/v2\/types\/post"}],"author":[{"embeddable":true,"href":"https:\/\/zonaroja.com.mx\/index.php?rest_route=\/wp\/v2\/users\/2"}],"replies":[{"embeddable":true,"href":"https:\/\/zonaroja.com.mx\/index.php?rest_route=%2Fwp%2Fv2%2Fcomments&post=24983"}],"version-history":[{"count":1,"href":"https:\/\/zonaroja.com.mx\/index.php?rest_route=\/wp\/v2\/posts\/24983\/revisions"}],"predecessor-version":[{"id":24985,"href":"https:\/\/zonaroja.com.mx\/index.php?rest_route=\/wp\/v2\/posts\/24983\/revisions\/24985"}],"wp:featuredmedia":[{"embeddable":true,"href":"https:\/\/zonaroja.com.mx\/index.php?rest_route=\/wp\/v2\/media\/24984"}],"wp:attachment":[{"href":"https:\/\/zonaroja.com.mx\/index.php?rest_route=%2Fwp%2Fv2%2Fmedia&parent=24983"}],"wp:term":[{"taxonomy":"category","embeddable":true,"href":"https:\/\/zonaroja.com.mx\/index.php?rest_route=%2Fwp%2Fv2%2Fcategories&post=24983"},{"taxonomy":"post_tag","embeddable":true,"href":"https:\/\/zonaroja.com.mx\/index.php?rest_route=%2Fwp%2Fv2%2Ftags&post=24983"}],"curies":[{"name":"wp","href":"https:\/\/api.w.org\/{rel}","templated":true}]}}