{"id":24986,"date":"2021-03-22T08:15:04","date_gmt":"2021-03-22T14:15:04","guid":{"rendered":"http:\/\/www.zonaroja.com.mx\/?p=24986"},"modified":"2021-03-22T09:00:48","modified_gmt":"2021-03-22T15:00:48","slug":"arturo-peimbert-o-de-como-un-fracasado-defensor-llego-a-la-fiscalia","status":"publish","type":"post","link":"https:\/\/zonaroja.com.mx\/?p=24986","title":{"rendered":"Arturo Peimbert o de c\u00f3mo un fracasado defensor lleg\u00f3 a la Fiscal\u00eda"},"content":{"rendered":"\n<p>Ismael Garc\u00eda M.\/Zona Roja.<\/p>\n\n\n\n<p>Oaxaca de Ju\u00e1rez, Oax., 22 de marzo de 2021.- \u201cDe Guatemala a Guatepor\u201d. Por lo menos ese dicho popular podr\u00eda aplicarse a Arturo de Jes\u00fas Peimbert Calvo, que ni bien comenzaba el proceso formal de elecci\u00f3n por parte del Congreso del Estado, y ya en todos los distintos \u00e1mbitos pol\u00edticos y gubernamentales se sab\u00eda que \u00e9l suceder\u00eda a Rub\u00e9n Vasconcelos M\u00e9ndez.<\/p>\n\n\n\n<p>\u00bfY la autonom\u00eda del Congreso del Estado? \u00bfY la libertada de cada legislador para votar con conciencia? \u00bfSe prestaron a la farsa? S\u00ed. Ni autonom\u00eda ni libertad y excesiva simulaci\u00f3n.<\/p>\n\n\n\n<p>El argumento de algunos, principalmente morenistas: acatar la orden del Presidente de la Rep\u00fablica &#8211;aunque as\u00ed no fuera&#8211;; el de los priistas: acatar la orden del gobernador Alejandro Murat Hinojosa.<\/p>\n\n\n\n<p>Hace unos d\u00edas detallamos la abrupta renuncia de Vasconcelos M\u00e9ndez, por p\u00e9simos resultados en procuraci\u00f3n de justicia; por soberbia; por jam\u00e1s escuchar a las v\u00edctimas y un largo etc\u00e9tera; en un acto de cobard\u00eda, opt\u00f3 por dejar el cargo antes que demostrar que todav\u00eda pod\u00eda con los tres a\u00f1os por delante.<\/p>\n\n\n\n<p>Apenas recog\u00eda sus pertenencias y ya las lisonjas corr\u00edan a favor de Peimbert, cuyo \u00fanico m\u00e9rito es ser leal al sistema, m\u00e1s que a las v\u00edctimas; ser un constructor a modo; ser \u00edntimo de allegados al poder.<\/p>\n\n\n\n<p>Tras menos de una semana, el proceso \u201cimparcial\u201d de la Comisi\u00f3n Permanente de Administraci\u00f3n y Procuraci\u00f3n de Justicia culmin\u00f3 el 18 de marzo con una abrumadora mayor\u00eda: &nbsp;33 votos a favor y uno para cada uno de los dem\u00e1s contendientes; en total 35 asistentes a la sesi\u00f3n extraordinaria.<\/p>\n\n\n\n<p>\u00bfQUI\u00c9N ES?<\/p>\n\n\n\n<p>&nbsp;El mismo jueves en que fue electo, un \u00e1rea de prensa ajena a la Fiscal\u00eda General emiti\u00f3 un comunicado en que detall\u00f3 su curr\u00edculum, aunque incompleto.<\/p>\n\n\n\n<p>Arturo de Jes\u00fas Peimbert Calvo naci\u00f3 en la ciudad de Oaxaca de Ju\u00e1rez el 18 de junio de 1976. Es licenciado en Derecho por la UABJO y fue titular de la Defensor\u00eda de los Derechos del Pueblo de Oaxaca y presidente del Consejo Ciudadano del mismo organismo por un periodo de siete a\u00f1os que abarc\u00f3 de mayo de 2012 a mayo de 2019.<\/p>\n\n\n\n<p>Despu\u00e9s de una larga lista de supuestos logros, que m\u00e1s bien son representaciones que tuvo, omiti\u00f3 detallar que colabor\u00f3 de manera estrecha con Gabino Cu\u00e9 Monteagudo durante la campa\u00f1a pol\u00edtica y luego en una oficina cercana al mandatario, para despu\u00e9s ser designado, tambi\u00e9n en un proceso controvertido, como ombudsman.<\/p>\n\n\n\n<p>Fue director de la Comisi\u00f3n Diocesana de Justicia y Paz (2002 a 2006), donde fortaleci\u00f3 sus alianzas con un sector de la iglesia Cat\u00f3lica, principalmente con el llamado Padre Uvi (Wilfrido Mayr\u00e9n Pel\u00e1ez), con quien impuls\u00f3 varios negocios. <\/p>\n\n\n\n<p>Pero adem\u00e1s, desde ah\u00ed supuestamente medi\u00f3 en varios conflictos surgidos en la regi\u00f3n Sierra Sur de Oaxaca, pero en realidad era la imposici\u00f3n de constructoras y control de la obra p\u00fablica en los municipios de la zona.<\/p>\n\n\n\n<p>\u201cMediador para la paz y la reconstrucci\u00f3n del tejido social en zonas de conflictos provocados por asuntos&nbsp; sociales y pol\u00edticos en el estado de Oaxaca, durante 2002\u201d, refiere su curr\u00edculum difundido.<\/p>\n\n\n\n<p>\u201cIntermediaci\u00f3n y planeaci\u00f3n de una mesa de di\u00e1logo entre el gobierno federal estatal y el movimiento social denominado Asamblea Popular de los Pueblos de Oaxaca (APPO) en 2006 y 2007\u201d, donde fortaleci\u00f3 su alianza con Flavio Sosa y otros activistas.<\/p>\n\n\n\n<p>En mayo de 2019 le hizo un favor a Jos\u00e9 Murat, con todos los gastos pagados, de acudir a la corte de La Haya, en Holanda &#8211;acompa\u00f1ado de Flavio Sosa Villavicencio y C\u00e9sar Mateos&#8211;, a presentar una denuncia por cr\u00edmenes de lesa humanidad contra Ulises Ruiz Ortiz.<\/p>\n\n\n\n<p>En octubre del a\u00f1o pasado contendi\u00f3 en busca de presidir la Comisi\u00f3n Nacional de los Derechos Humanos.<\/p>\n\n\n\n<p>Mantiene una estrecha cercan\u00eda con el fiscalista Sergio Castro &#8211;supuestamente pr\u00f3fugo de la justicia&#8211;, de quien aprendi\u00f3 las arte contables de evasi\u00f3n de impuestos.<\/p>\n\n\n\n<p>MALOS RESULTADOS<\/p>\n\n\n\n<p>De acuerdo con una informaci\u00f3n de la periodista oaxaque\u00f1a Ivonne Mateo, en los siete a\u00f1os de Arturo Peimbert al frente de la Defensor\u00eda, el organismo se posicion\u00f3 como el segundo ente con mayor ineficacia en el pa\u00eds.<\/p>\n\n\n\n<p>\u201cTanto la Comisi\u00f3n Nacional de Derechos Humanos, como el Instituto Nacional de Estad\u00edstica y Geograf\u00eda han documentado y revelado el rezago institucional que alcanz\u00f3 la Defensor\u00eda en el periodo de Peimbert Calvo, pues de acuerdo con los datos, en 2018, Oaxaca ocup\u00f3 la segunda posici\u00f3n en los organismos defensores con mayor burocracia, tardando hasta 4 a\u00f1os en resolver quejas ciudadanas.<\/p>\n\n\n\n<p>\u201cAsimismo, en ese a\u00f1o, los datos oficiales colocaron a Oaxaca como la tercera entidad con menor respuesta ante violaciones a derechos humanos y lider\u00f3 como la entidad con mayor n\u00famero de recomendaciones nacionales en tr\u00e1mite\u201d detalla.<\/p>\n\n\n\n<p>Se\u00f1ala tambi\u00e9n que el hoy fiscal incumpli\u00f3 con su obligaci\u00f3n de entregar su informe anual y comparecer ante el Congreso del Estado en su ejercicio 2016-2017, acto que fue se\u00f1alado en su momento por la 63 Legislatura.<\/p>\n\n\n\n<p>A finales de octubre de 2019, el sitio \u201cEme Equis\u201d hizo tambi\u00e9n un an\u00e1lisis respecto al mal desempe\u00f1o de Peimbert Calvo:<\/p>\n\n\n\n<p>\u201cA partir de 2017, las actividades de orientaci\u00f3n jur\u00eddica en derechos humanos concedidas a la ciudadan\u00eda en Oaxaca muestran una reducci\u00f3n constante. Este periodo coincide con la llegada de Alejandro Murat Hinojosa, quien asumi\u00f3 la gubernatura el 1 de diciembre de 2016.<\/p>\n\n\n\n<p>\u201cDe acuerdo con informes de la Defensor\u00eda de los Derechos Humanos del Pueblo de Oaxaca (DDHPO), que hasta mayo era dirigida por Arturo Peimbert, en 2016 se registraron 11 mil 834 orientaciones, en 2017 hubo 9 mil 355 y para 2018 se dieron 7 mil 982.<\/p>\n\n\n\n<p>\u201cAl comparar la primer cifra (a\u00f1o en que todav\u00eda no era gobernador Murat Hinojosa) con la \u00faltima es 32% menos\u00bb (<a href=\"https:\/\/www.m-x.com.mx\/al-dia\/con-murat-van-en-picada-las-orientaciones-sobre-derechos-humanos-en-oaxaca\">https:\/\/www.m-x.com.mx\/al-dia\/con-murat-van-en-picada-las-orientaciones-sobre-derechos-humanos-en-oaxaca<\/a>).<\/p>\n\n\n\n<p>LA RECEPCI\u00d3N FEMINISTA<\/p>\n\n\n\n<p>Unas horas antes de que fuera designado, los se\u00f1alamientos en contra del ex ombudsman crecieron exponencialmente por parte de los colectivos feministas, que tampoco dieron tregua a Rub\u00e9n Vasconcelos.<\/p>\n\n\n\n<p>\u201cNuevamente se cumpli\u00f3 con la simulaci\u00f3n de que existen procesos de convocatoria abierta, cuando en realidad es el gobernador (Alejandro Murat) quien determina y el Congreso quien lo avala\u201d.<\/p>\n\n\n\n<p>\u201cY en estas lamentables circunstancias, \u00bfc\u00f3mo confiar en que habr\u00e1 procesos de investigaci\u00f3n y acciones a favor de la justicia? Por principio es cuestionable su designaci\u00f3n, por sus antecedentes de violencia familiar hacia su primera esposa y su hijo, as\u00ed como la falta de resultados en su gesti\u00f3n en la Defensor\u00eda de Derechos Humanos del Pueblo de Oaxaca\u201d (<a href=\"http:\/\/www.zonaroja.com.mx\/?p=24848\">http:\/\/www.zonaroja.com.mx\/?p=24848<\/a>), reaccion\u00f3 de inmediato la organizaci\u00f3n GES Mujer.<\/p>\n\n\n\n<p>Y paulatinamente se han ido sumando m\u00e1s pronunciamientos en contra, como es el caso de la periodista Soledad Jarqu\u00edn y madre de la fotoperiodista Mar\u00eda del Sol, cuyo caso sigue en la impunidad. La lista seguir\u00e1 creciendo, m\u00e1s con el crimen de la ex diputada local y candidata a edil, Ivonne Gallegos.<\/p>\n\n\n\n<p>Por eso, si no hay una transformaci\u00f3n de fondo en la Fiscal\u00eda General, si no hay un cambio de mandos medios y superiores, pero sobre todo si no hay aut\u00e9ntica voluntad y se deja la simulaci\u00f3n a un lado, el destino ser\u00e1 \u201cGuatepeor\u201d.<\/p>\n","protected":false},"excerpt":{"rendered":"<p>Ismael Garc\u00eda M.\/Zona Roja. Oaxaca de Ju\u00e1rez, Oax., 22 de marzo de 2021.- \u201cDe Guatemala&hellip;<\/p>\n","protected":false},"author":2,"featured_media":7610,"comment_status":"closed","ping_status":"open","sticky":false,"template":"","format":"standard","meta":{"_lmt_disableupdate":"","_lmt_disable":"","_jetpack_memberships_contains_paid_content":false,"footnotes":""},"categories":[456,109,48],"tags":[1353],"class_list":["post-24986","post","type-post","status-publish","format-standard","has-post-thumbnail","hentry","category-columna","category-minuto-a-minuto","category-zona-critica","tag-opinion-zona-critica"],"jetpack_featured_media_url":"https:\/\/zonaroja.com.mx\/wp-content\/uploads\/2020\/01\/Opini\u00f3n-Zona-Cr\u00edtica.jpg","jetpack_sharing_enabled":true,"_links":{"self":[{"href":"https:\/\/zonaroja.com.mx\/index.php?rest_route=\/wp\/v2\/posts\/24986","targetHints":{"allow":["GET"]}}],"collection":[{"href":"https:\/\/zonaroja.com.mx\/index.php?rest_route=\/wp\/v2\/posts"}],"about":[{"href":"https:\/\/zonaroja.com.mx\/index.php?rest_route=\/wp\/v2\/types\/post"}],"author":[{"embeddable":true,"href":"https:\/\/zonaroja.com.mx\/index.php?rest_route=\/wp\/v2\/users\/2"}],"replies":[{"embeddable":true,"href":"https:\/\/zonaroja.com.mx\/index.php?rest_route=%2Fwp%2Fv2%2Fcomments&post=24986"}],"version-history":[{"count":2,"href":"https:\/\/zonaroja.com.mx\/index.php?rest_route=\/wp\/v2\/posts\/24986\/revisions"}],"predecessor-version":[{"id":24988,"href":"https:\/\/zonaroja.com.mx\/index.php?rest_route=\/wp\/v2\/posts\/24986\/revisions\/24988"}],"wp:featuredmedia":[{"embeddable":true,"href":"https:\/\/zonaroja.com.mx\/index.php?rest_route=\/wp\/v2\/media\/7610"}],"wp:attachment":[{"href":"https:\/\/zonaroja.com.mx\/index.php?rest_route=%2Fwp%2Fv2%2Fmedia&parent=24986"}],"wp:term":[{"taxonomy":"category","embeddable":true,"href":"https:\/\/zonaroja.com.mx\/index.php?rest_route=%2Fwp%2Fv2%2Fcategories&post=24986"},{"taxonomy":"post_tag","embeddable":true,"href":"https:\/\/zonaroja.com.mx\/index.php?rest_route=%2Fwp%2Fv2%2Ftags&post=24986"}],"curies":[{"name":"wp","href":"https:\/\/api.w.org\/{rel}","templated":true}]}}