{"id":24989,"date":"2021-03-22T09:23:14","date_gmt":"2021-03-22T15:23:14","guid":{"rendered":"http:\/\/www.zonaroja.com.mx\/?p=24989"},"modified":"2021-03-22T09:23:18","modified_gmt":"2021-03-22T15:23:18","slug":"murat-sobre-policias-tomaremos-las-decisiones-que-tengamos-que-tomar","status":"publish","type":"post","link":"https:\/\/zonaroja.com.mx\/?p=24989","title":{"rendered":"Murat sobre polic\u00edas: \u201ctomaremos las decisiones que tengamos que tomar\u201d"},"content":{"rendered":"\n<p>Redacci\u00f3n\/Zona Roja.<\/p>\n\n\n\n<p>Oaxaca de Ju\u00e1rez, Oax., 22 de marzo de 2021.- Un grupo de elementos de la Polic\u00eda Estatal de Oaxaca mantiene \u201ctomado\u201d el cuartel ubicado en Santa Mar\u00eda Coyotepec e inici\u00f3 hoy un cuarto d\u00eda de paro de labores.<\/p>\n\n\n\n<p>A ellos, el gobernador Alejandro Murat precis\u00f3 la ma\u00f1ana de hoy: \u201cSiempre he estado abierto al di\u00e1logo y tomaremos las decisiones que tengamos que tomar; tenemos una obligaci\u00f3n como servidores p\u00fablicos de generar confianza.<\/p>\n\n\n\n<p>\u201cVamos a seguir viendo, vamos a ir midiendo, ya se estar\u00e1n enterando en las siguientes horas de las decisiones que tomemos. Invito siempre a todos, no s\u00f3lo a los polic\u00edas, a que se acerquen conmigo, soy gobernador abierto; no es por la ruta que tomaron en que se van a lograr los objetivos\u201d, dijo en el noticiario de Radio ORO, que conduce Humberto Cruz Mat\u00edas.<\/p>\n\n\n\n<p>Recalc\u00f3 los objetivos se logran bajo conversaci\u00f3n y \u201cellos tienen una responsabilidad con la ciudadan\u00eda de generar confianza. Vamos a ir evaluando, pero bajo esa decisi\u00f3n me parece que no es la mejor alternativa.<\/p>\n\n\n\n<p>Y remarc\u00f3:<\/p>\n\n\n\n<p>\u201cLo que puedo decir es darle certeza a la poblaci\u00f3n que estamos en coordinaci\u00f3n (la Secretar\u00eda de Seguridad P\u00fablica) con la Guardia Nacional mientras se lleva a cabo el proceso de di\u00e1logo.<\/p>\n\n\n\n<p>\u201cLos que al final ya no quieran estar podr\u00e1n ir en la ruta, apegados por supuesto siempre de la ley, a tomar otro camino y nosotros seguiremos trabajando\u201d.<\/p>\n\n\n\n<p>Por su parte, el titular de Seguridad P\u00fablica, Ra\u00fal Ernesto Salcedo, inform\u00f3 que la vigilancia y patrullajes en el estado se mantiene sin contratiempos, con el apoyo de elementos de la Polic\u00eda Estatal, Polic\u00eda Auxiliar, Bancaria, Industrial y Comercial, y con la Polic\u00eda Vial Estatal; adem\u00e1s, contin\u00faan las mesas de trabajo.<\/p>\n","protected":false},"excerpt":{"rendered":"<p>Redacci\u00f3n\/Zona Roja. Oaxaca de Ju\u00e1rez, Oax., 22 de marzo de 2021.- Un grupo de elementos&hellip;<\/p>\n","protected":false},"author":2,"featured_media":24990,"comment_status":"closed","ping_status":"open","sticky":false,"template":"","format":"standard","meta":{"_lmt_disableupdate":"","_lmt_disable":"","_jetpack_memberships_contains_paid_content":false,"footnotes":""},"categories":[109,47],"tags":[984,175],"class_list":["post-24989","post","type-post","status-publish","format-standard","has-post-thumbnail","hentry","category-minuto-a-minuto","category-zona-gris","tag-policia-estatal-de-oaxaca","tag-secretaria-de-seguridad-publica-de-oaxaca"],"jetpack_featured_media_url":"https:\/\/zonaroja.com.mx\/wp-content\/uploads\/2021\/03\/Paro-Policia-Estatal.jpg","jetpack_sharing_enabled":true,"_links":{"self":[{"href":"https:\/\/zonaroja.com.mx\/index.php?rest_route=\/wp\/v2\/posts\/24989","targetHints":{"allow":["GET"]}}],"collection":[{"href":"https:\/\/zonaroja.com.mx\/index.php?rest_route=\/wp\/v2\/posts"}],"about":[{"href":"https:\/\/zonaroja.com.mx\/index.php?rest_route=\/wp\/v2\/types\/post"}],"author":[{"embeddable":true,"href":"https:\/\/zonaroja.com.mx\/index.php?rest_route=\/wp\/v2\/users\/2"}],"replies":[{"embeddable":true,"href":"https:\/\/zonaroja.com.mx\/index.php?rest_route=%2Fwp%2Fv2%2Fcomments&post=24989"}],"version-history":[{"count":1,"href":"https:\/\/zonaroja.com.mx\/index.php?rest_route=\/wp\/v2\/posts\/24989\/revisions"}],"predecessor-version":[{"id":24991,"href":"https:\/\/zonaroja.com.mx\/index.php?rest_route=\/wp\/v2\/posts\/24989\/revisions\/24991"}],"wp:featuredmedia":[{"embeddable":true,"href":"https:\/\/zonaroja.com.mx\/index.php?rest_route=\/wp\/v2\/media\/24990"}],"wp:attachment":[{"href":"https:\/\/zonaroja.com.mx\/index.php?rest_route=%2Fwp%2Fv2%2Fmedia&parent=24989"}],"wp:term":[{"taxonomy":"category","embeddable":true,"href":"https:\/\/zonaroja.com.mx\/index.php?rest_route=%2Fwp%2Fv2%2Fcategories&post=24989"},{"taxonomy":"post_tag","embeddable":true,"href":"https:\/\/zonaroja.com.mx\/index.php?rest_route=%2Fwp%2Fv2%2Ftags&post=24989"}],"curies":[{"name":"wp","href":"https:\/\/api.w.org\/{rel}","templated":true}]}}