{"id":25002,"date":"2021-03-22T16:29:49","date_gmt":"2021-03-22T22:29:49","guid":{"rendered":"http:\/\/www.zonaroja.com.mx\/?p=25002"},"modified":"2021-03-22T17:01:20","modified_gmt":"2021-03-22T23:01:20","slug":"pide-congreso-reparacion-del-dano-a-victimas-de-desaparicion-en-tuxtepec","status":"publish","type":"post","link":"https:\/\/zonaroja.com.mx\/?p=25002","title":{"rendered":"Pide Congreso reparaci\u00f3n del da\u00f1o a v\u00edctimas de desaparici\u00f3n en Tuxtepec"},"content":{"rendered":"\n<p>Redacci\u00f3n\/Zona Roja.<\/p>\n\n\n\n<p>Oaxaca de Ju\u00e1rez, Oax., 22 de marzo de 2021.- El Congreso de Oaxaca exigi\u00f3 a diversas autoridades estatales, hacer lo procedente para garantizar la inmediata reparaci\u00f3n del da\u00f1o a personas v\u00edctimas del delito de desaparici\u00f3n en el municipio de San Juan Bautista Tuxtepec.<\/p>\n\n\n\n<p>Mediante un punto de acuerdo, exhort\u00f3 al Gobernador del Estado (Alejandro Murat); al Tribunal Superior de Justicia de Oaxaca (TSJO) y a la Defensor\u00eda de los Derechos Humanos del Pueblo de Oaxaca (DDHPO), emitan la resoluci\u00f3n respectiva en la que se contemple la reparaci\u00f3n integral del da\u00f1o y las violaciones a derechos humanos cometidas en contra de F\u00e1tima Palacios Moreno, Casandra Ram\u00edrez Salom\u00f3n e Itzel Gonz\u00e1lez Gonz\u00e1lez, mujeres desaparecidas en&nbsp; el municipio de Tuxtepec, durante el a\u00f1o 2020.<\/p>\n\n\n\n<p>Lo anterior para dar cumplimiento a lo establecido en la Ley en Materia de Desaparici\u00f3n de Personas para el Estado de Oaxaca, expedida por esta LXIV Legislatura.<\/p>\n\n\n\n<p>Aunque esta representaci\u00f3n popular reconoci\u00f3 avances en la investigaci\u00f3n de estos acontecimientos, consider\u00f3 que se trata tan s\u00f3lo del inicio de una serie de medidas que las autoridades deben adoptar para impartir justicia, reparar el da\u00f1o y las violaciones a los derechos humanos, cometidas en su perjuicio de las j\u00f3venes desaparecidas y contra sus familiares.<\/p>\n\n\n\n<p>En 2020, la desaparici\u00f3n de las j\u00f3venes alert\u00f3 a la ciudadan\u00eda de Tuxtepec, la cual sali\u00f3 en diversas ocasiones a las calles para realizar marchas y presionar a las autoridades para agilizar la b\u00fasqueda de las v\u00edctimas.<\/p>\n\n\n\n<p>La diputaci\u00f3n local tambi\u00e9n insisti\u00f3 en la necesidad de atender de ra\u00edz la causa del problema que representa la desaparici\u00f3n de personas en Oaxaca, situaci\u00f3n que involucra tareas de prevenci\u00f3n y actuaci\u00f3n en todo el Estado.<\/p>\n\n\n\n<p>El punto de acuerdo promovido por la diputada Laura Estrada Mauro, y avalada en el Pleno del Congreso Local, se\u00f1ala que Tuxtepec, al norte de Oaxaca, ocupa el tercer lugar con mayor n\u00famero de casos de mujeres desaparecidas. \u00danicamente en el periodo de 2018 a 2020, desaparecieron 20 mujeres, en datos de la Asociaci\u00f3n Civil, Consorcio para el Di\u00e1logo y la Equidad.<\/p>\n","protected":false},"excerpt":{"rendered":"<p>Redacci\u00f3n\/Zona Roja. Oaxaca de Ju\u00e1rez, Oax., 22 de marzo de 2021.- El Congreso de Oaxaca&hellip;<\/p>\n","protected":false},"author":2,"featured_media":16445,"comment_status":"closed","ping_status":"open","sticky":false,"template":"","format":"standard","meta":{"_lmt_disableupdate":"","_lmt_disable":"","_jetpack_memberships_contains_paid_content":false,"footnotes":""},"categories":[109,46],"tags":[213],"class_list":["post-25002","post","type-post","status-publish","format-standard","has-post-thumbnail","hentry","category-minuto-a-minuto","category-zona-blanca","tag-64-legislatura-de-oaxaca"],"jetpack_featured_media_url":"https:\/\/zonaroja.com.mx\/wp-content\/uploads\/2020\/08\/Desaparecida-Itzel-Tuxtepec.jpg","jetpack_sharing_enabled":true,"_links":{"self":[{"href":"https:\/\/zonaroja.com.mx\/index.php?rest_route=\/wp\/v2\/posts\/25002","targetHints":{"allow":["GET"]}}],"collection":[{"href":"https:\/\/zonaroja.com.mx\/index.php?rest_route=\/wp\/v2\/posts"}],"about":[{"href":"https:\/\/zonaroja.com.mx\/index.php?rest_route=\/wp\/v2\/types\/post"}],"author":[{"embeddable":true,"href":"https:\/\/zonaroja.com.mx\/index.php?rest_route=\/wp\/v2\/users\/2"}],"replies":[{"embeddable":true,"href":"https:\/\/zonaroja.com.mx\/index.php?rest_route=%2Fwp%2Fv2%2Fcomments&post=25002"}],"version-history":[{"count":2,"href":"https:\/\/zonaroja.com.mx\/index.php?rest_route=\/wp\/v2\/posts\/25002\/revisions"}],"predecessor-version":[{"id":25004,"href":"https:\/\/zonaroja.com.mx\/index.php?rest_route=\/wp\/v2\/posts\/25002\/revisions\/25004"}],"wp:featuredmedia":[{"embeddable":true,"href":"https:\/\/zonaroja.com.mx\/index.php?rest_route=\/wp\/v2\/media\/16445"}],"wp:attachment":[{"href":"https:\/\/zonaroja.com.mx\/index.php?rest_route=%2Fwp%2Fv2%2Fmedia&parent=25002"}],"wp:term":[{"taxonomy":"category","embeddable":true,"href":"https:\/\/zonaroja.com.mx\/index.php?rest_route=%2Fwp%2Fv2%2Fcategories&post=25002"},{"taxonomy":"post_tag","embeddable":true,"href":"https:\/\/zonaroja.com.mx\/index.php?rest_route=%2Fwp%2Fv2%2Ftags&post=25002"}],"curies":[{"name":"wp","href":"https:\/\/api.w.org\/{rel}","templated":true}]}}