{"id":25005,"date":"2021-03-22T19:03:19","date_gmt":"2021-03-23T01:03:19","guid":{"rendered":"http:\/\/www.zonaroja.com.mx\/?p=25005"},"modified":"2021-03-22T19:03:22","modified_gmt":"2021-03-23T01:03:22","slug":"identifican-a-cuatro-fallecidos-en-presa-de-oaxaca-tres-eran-menores-de-edad","status":"publish","type":"post","link":"https:\/\/zonaroja.com.mx\/?p=25005","title":{"rendered":"Identifican a cuatro fallecidos en presa de Oaxaca; tres eran menores de edad"},"content":{"rendered":"\n<p>Yuridiana Sosa\/Zona Roja.<\/p>\n\n\n\n<p>Oaxaca de Ju\u00e1rez, Oax., 22 de marzo de 2021.- La Coordinaci\u00f3n Estatal de Protecci\u00f3n del Estado de Oaxaca confirm\u00f3 la muerte de cuatro personas en la presa local de Santa Ana del Valle, en la regi\u00f3n de Valles Centrales.<\/p>\n\n\n\n<p>Fueron identificados como Ernesto Robles Bautista, de 47 a\u00f1os de edad; Uriel R. M., de 16 a\u00f1os; Mar\u00eda Isabel R. M., de 14 a\u00f1os, y Ernesto Emmanuel R. M., de 12 a\u00f1os, todos integrantes de la misma familia.<\/p>\n\n\n\n<p>El hecho se registr\u00f3 este lunes en el municipio ubicado en el distrito de Tlacolula y de acuerdo a los informes preliminares, la familia afectada cay\u00f3 al agua, pero no lograron salir.<\/p>\n\n\n\n<p>Al lugar arribaron elementos de la Polic\u00eda Municipal y voluntarios del cuerpo de Bombero de Tlacolula de Matamoros en apoyo al Heroico Cuerpo de Bomberos de Oaxaca y del personal de Protecci\u00f3n Civil del Estado.<\/p>\n\n\n\n<p>Tras varias horas de labores, los rescatistas lograron la recuperaci\u00f3n de cuatro cuerpos.<\/p>\n\n\n\n<p>Por otra parte, los restos de otra persona que fue reportada como ahogada desde el pasado s\u00e1bado en la represa de El Camar\u00f3n, San Carlos Yautepec, no ha sido localizada.<\/p>\n\n\n\n<p>Este lunes cinco elementos del Heroico Cuerpo de Bomberos continuaron la b\u00fasqueda por segundo d\u00eda consecutivo.<\/p>\n","protected":false},"excerpt":{"rendered":"<p>Yuridiana Sosa\/Zona Roja. Oaxaca de Ju\u00e1rez, Oax., 22 de marzo de 2021.- La Coordinaci\u00f3n Estatal&hellip;<\/p>\n","protected":false},"author":2,"featured_media":25006,"comment_status":"closed","ping_status":"open","sticky":false,"template":"","format":"standard","meta":{"_lmt_disableupdate":"","_lmt_disable":"","_jetpack_memberships_contains_paid_content":false,"footnotes":""},"categories":[109,47],"tags":[2541],"class_list":["post-25005","post","type-post","status-publish","format-standard","has-post-thumbnail","hentry","category-minuto-a-minuto","category-zona-gris","tag-santa-ana-del-valle"],"jetpack_featured_media_url":"https:\/\/zonaroja.com.mx\/wp-content\/uploads\/2021\/03\/Muertos-presa-Santa-Ana-del-Valle.png","jetpack_sharing_enabled":true,"_links":{"self":[{"href":"https:\/\/zonaroja.com.mx\/index.php?rest_route=\/wp\/v2\/posts\/25005","targetHints":{"allow":["GET"]}}],"collection":[{"href":"https:\/\/zonaroja.com.mx\/index.php?rest_route=\/wp\/v2\/posts"}],"about":[{"href":"https:\/\/zonaroja.com.mx\/index.php?rest_route=\/wp\/v2\/types\/post"}],"author":[{"embeddable":true,"href":"https:\/\/zonaroja.com.mx\/index.php?rest_route=\/wp\/v2\/users\/2"}],"replies":[{"embeddable":true,"href":"https:\/\/zonaroja.com.mx\/index.php?rest_route=%2Fwp%2Fv2%2Fcomments&post=25005"}],"version-history":[{"count":1,"href":"https:\/\/zonaroja.com.mx\/index.php?rest_route=\/wp\/v2\/posts\/25005\/revisions"}],"predecessor-version":[{"id":25007,"href":"https:\/\/zonaroja.com.mx\/index.php?rest_route=\/wp\/v2\/posts\/25005\/revisions\/25007"}],"wp:featuredmedia":[{"embeddable":true,"href":"https:\/\/zonaroja.com.mx\/index.php?rest_route=\/wp\/v2\/media\/25006"}],"wp:attachment":[{"href":"https:\/\/zonaroja.com.mx\/index.php?rest_route=%2Fwp%2Fv2%2Fmedia&parent=25005"}],"wp:term":[{"taxonomy":"category","embeddable":true,"href":"https:\/\/zonaroja.com.mx\/index.php?rest_route=%2Fwp%2Fv2%2Fcategories&post=25005"},{"taxonomy":"post_tag","embeddable":true,"href":"https:\/\/zonaroja.com.mx\/index.php?rest_route=%2Fwp%2Fv2%2Ftags&post=25005"}],"curies":[{"name":"wp","href":"https:\/\/api.w.org\/{rel}","templated":true}]}}