{"id":25008,"date":"2021-03-22T19:34:54","date_gmt":"2021-03-23T01:34:54","guid":{"rendered":"http:\/\/www.zonaroja.com.mx\/?p=25008"},"modified":"2021-03-22T19:34:57","modified_gmt":"2021-03-23T01:34:57","slug":"desdenan-los-sso-demandas-de-ex-trabajadores-suman-dos-semanas-de-protesta","status":"publish","type":"post","link":"https:\/\/zonaroja.com.mx\/?p=25008","title":{"rendered":"Desde\u00f1an los SSO demandas de ex trabajadores; suman dos semanas de protesta"},"content":{"rendered":"\n<p>Yuridiana Sosa\/Zona Roja.<\/p>\n\n\n\n<p>Oaxaca de Ju\u00e1rez, Oax., 22 de marzo de 2021.- A dos semanas de un plant\u00f3n indefinido de ex trabajadores del R\u00e9gimen Estatal de Protecci\u00f3n Social en Salud -Seguro Popular-, los inconformes se\u00f1alan que el titular de los Servicios de Salud de Oaxaca, Juan Carlos M\u00e1rquez Heine, no los ha atendido, mientras que las quejas contra su contra crecen.<\/p>\n\n\n\n<p>Los manifestantes, agremiados al Sindicato Independiente de Trabajadores del Sector Salud (SITSS), exigen al Gobierno del Estado que cumpla con las recontrataciones del personal a trav\u00e9s del nuevo modelo de atenci\u00f3n del Instituto de Salud para el Bienestar (Insabi).<\/p>\n\n\n\n<p>Luego de varios intentos fallidos de un di\u00e1logo en meses anteriores para plantear esta demanda, los ex servidores comenzaron con una plant\u00f3n afuera de Casa Oficial el pasado 9 de marzo, para despu\u00e9s trasladarse a las oficinas de los SSO en el Centro Hist\u00f3rico de la capital, las cuales permanecen \u201ctomadas\u201d.<\/p>\n\n\n\n<figure class=\"wp-block-embed-twitter wp-block-embed is-type-rich is-provider-twitter\"><div class=\"wp-block-embed__wrapper\">\n<div class=\"twitter-tweet\"><blockquote class=\"twitter-tweet\" data-lang=\"es\"><p lang=\"es\" dir=\"ltr\"><a href=\"https:\/\/twitter.com\/hashtag\/%C3%9AltimoMinuto?src=hash&amp;ref_src=twsrc%5Etfw\">#\u00daltimoMinuto<\/a> <br>Cumple dos semanas el paro y \u201ctoma\u201d de oficinas por parte de ex trabajadores del Seguro Popular, afiliados al Sindicato Independiente del Sector Salud; denuncian nula atenci\u00f3n del titular de los <a href=\"https:\/\/twitter.com\/SSO_GobOax?ref_src=twsrc%5Etfw\">@SSO_GobOax<\/a>, <a href=\"https:\/\/twitter.com\/JC_MarquezH?ref_src=twsrc%5Etfw\">@JC_MarquezH<\/a>. <a href=\"https:\/\/t.co\/69X2ikD53Y\">pic.twitter.com\/69X2ikD53Y<\/a><\/p>&mdash; Zona Roja Oaxaca (@Zona_Roja_Oax) <a href=\"https:\/\/twitter.com\/Zona_Roja_Oax\/status\/1374119392942907399?ref_src=twsrc%5Etfw\">22 de marzo de 2021<\/a><\/blockquote><\/div>\n<\/div><\/figure>\n\n\n\n<p>Los afectados indicaron que la Secretar\u00eda General de Gobierno les ha pedido una tregua para analizar el planteamiento antes que inicien con m\u00e1s movilizaciones; por lo que esperan la respuesta, sin dejar de hacer presencia en el plant\u00f3n.<\/p>\n\n\n\n<p>Unos 230 integrantes de este sindicato llevan m\u00e1s de un a\u00f1o de lucha para exigir&nbsp; que los Servicios de Salud Oaxaca les pueda emitir sus contratos, mientras que el gobierno se justifica en que ya se aplic\u00f3 una liquidaci\u00f3n por parte del Seguro Popular, del que M\u00e1rquez Heine tambi\u00e9n fue titular y cargo desde el cual habr\u00eda desviado recursos, de acuerdo con la Auditor\u00eda Superior de la Federaci\u00f3n.<\/p>\n\n\n\n<p>Al inicio de esta movilizaci\u00f3n, la secretaria general del Sindicato, Mar\u00eda del Carmen Noriega, critic\u00f3 que tras la comparecencia de M\u00e1rquez Heine, se acord\u00f3 en reuni\u00f3n con la Comisi\u00f3n de Salud del Congreso del Estado que los SSO reintegrar\u00edan al sector salud a los liquidados por el Seguro Popular, pero no se ha cumplido.<\/p>\n\n\n\n<p>Hasta el momento, Marquez Heine solo al garantizado la contrataci\u00f3n de personas allegadas, de anteriores directivos, pero casi nula atenci\u00f3n en contratos a los m\u00e1s de 500 afectados con el cambio.<\/p>\n","protected":false},"excerpt":{"rendered":"<p>Yuridiana Sosa\/Zona Roja. Oaxaca de Ju\u00e1rez, Oax., 22 de marzo de 2021.- A dos semanas&hellip;<\/p>\n","protected":false},"author":2,"featured_media":25009,"comment_status":"closed","ping_status":"open","sticky":false,"template":"","format":"standard","meta":{"_lmt_disableupdate":"","_lmt_disable":"","_jetpack_memberships_contains_paid_content":false,"footnotes":""},"categories":[109,47],"tags":[1005],"class_list":["post-25008","post","type-post","status-publish","format-standard","has-post-thumbnail","hentry","category-minuto-a-minuto","category-zona-gris","tag-servicios-de-salud-de-oaxaca-sso"],"jetpack_featured_media_url":"https:\/\/zonaroja.com.mx\/wp-content\/uploads\/2021\/03\/Protesta-Servicios-de-Salud.jpg","jetpack_sharing_enabled":true,"_links":{"self":[{"href":"https:\/\/zonaroja.com.mx\/index.php?rest_route=\/wp\/v2\/posts\/25008","targetHints":{"allow":["GET"]}}],"collection":[{"href":"https:\/\/zonaroja.com.mx\/index.php?rest_route=\/wp\/v2\/posts"}],"about":[{"href":"https:\/\/zonaroja.com.mx\/index.php?rest_route=\/wp\/v2\/types\/post"}],"author":[{"embeddable":true,"href":"https:\/\/zonaroja.com.mx\/index.php?rest_route=\/wp\/v2\/users\/2"}],"replies":[{"embeddable":true,"href":"https:\/\/zonaroja.com.mx\/index.php?rest_route=%2Fwp%2Fv2%2Fcomments&post=25008"}],"version-history":[{"count":1,"href":"https:\/\/zonaroja.com.mx\/index.php?rest_route=\/wp\/v2\/posts\/25008\/revisions"}],"predecessor-version":[{"id":25010,"href":"https:\/\/zonaroja.com.mx\/index.php?rest_route=\/wp\/v2\/posts\/25008\/revisions\/25010"}],"wp:featuredmedia":[{"embeddable":true,"href":"https:\/\/zonaroja.com.mx\/index.php?rest_route=\/wp\/v2\/media\/25009"}],"wp:attachment":[{"href":"https:\/\/zonaroja.com.mx\/index.php?rest_route=%2Fwp%2Fv2%2Fmedia&parent=25008"}],"wp:term":[{"taxonomy":"category","embeddable":true,"href":"https:\/\/zonaroja.com.mx\/index.php?rest_route=%2Fwp%2Fv2%2Fcategories&post=25008"},{"taxonomy":"post_tag","embeddable":true,"href":"https:\/\/zonaroja.com.mx\/index.php?rest_route=%2Fwp%2Fv2%2Ftags&post=25008"}],"curies":[{"name":"wp","href":"https:\/\/api.w.org\/{rel}","templated":true}]}}