{"id":25011,"date":"2021-03-22T20:55:25","date_gmt":"2021-03-23T02:55:25","guid":{"rendered":"http:\/\/www.zonaroja.com.mx\/?p=25011"},"modified":"2021-03-22T20:55:29","modified_gmt":"2021-03-23T02:55:29","slug":"la-segego-atiende-paro-de-policias-y-abandona-multiples-protestas-en-oaxaca","status":"publish","type":"post","link":"https:\/\/zonaroja.com.mx\/?p=25011","title":{"rendered":"La Segego atiende paro de polic\u00edas y abandona m\u00faltiples protestas en Oaxaca"},"content":{"rendered":"\n<p>Yuridiana Sosa\/Zona Roja.<\/p>\n\n\n\n<p>Oaxaca de Ju\u00e1rez, Oax., 22 de marzo de 2020.- Mientras en m\u00faltiples zonas de los Valles Centrales y el Istmo de Oaxaca las protestas detonaron y convirtieron el d\u00eda en ca\u00f3tico, la Secretar\u00eda General de Gobierno (Segego) dio prioridad a la atenci\u00f3n al paro de polic\u00edas\u2026 cuatro d\u00edas despu\u00e9s.<\/p>\n\n\n\n<p>La jornada de protestas la abrieron habitantes de la colonia La Cascada de la capital del estado, quienes desde las 06:00 horas instalaron un bloqueo en calles principales de su asentamiento.<\/p>\n\n\n\n<p>Los habitantes capitalinos se manifestaron contra la lentitud de obras de drenaje y agua potable en la zona que lleva a cabo el gobierno municipal que encabeza Oswaldo Garc\u00eda Jarqu\u00edn, de Morena.<\/p>\n\n\n\n<p>Pues van tres semanas que se detuvieron los trabajos y ya venci\u00f3 el plazo de la fecha que prometieron para concluir la obra.<\/p>\n\n\n\n<figure class=\"wp-block-embed-twitter wp-block-embed is-type-rich is-provider-twitter\"><div class=\"wp-block-embed__wrapper\">\n<div class=\"twitter-tweet\"><blockquote class=\"twitter-tweet\" data-lang=\"es\"><p lang=\"es\" dir=\"ltr\"><a href=\"https:\/\/twitter.com\/hashtag\/%C3%9AltimoMinuto?src=hash&amp;ref_src=twsrc%5Etfw\">#\u00daltimoMinuto<\/a> <br>Esta es la queja de vecinos de la colonia La Cascada contra el <a href=\"https:\/\/twitter.com\/MunicipioOaxaca?ref_src=twsrc%5Etfw\">@MunicipioOaxaca<\/a> que preside <a href=\"https:\/\/twitter.com\/oswaldogarciaj?ref_src=twsrc%5Etfw\">@oswaldogarciaj<\/a>, por lo cual cerraron calles poco despu\u00e9s  las seis de la ma\u00f1ana de este lunes. <a href=\"https:\/\/t.co\/oHMLmAQGAM\">pic.twitter.com\/oHMLmAQGAM<\/a><\/p>&mdash; Zona Roja Oaxaca (@Zona_Roja_Oax) <a href=\"https:\/\/twitter.com\/Zona_Roja_Oax\/status\/1374014327468949505?ref_src=twsrc%5Etfw\">22 de marzo de 2021<\/a><\/blockquote><\/div>\n<\/div><\/figure>\n\n\n\n<p>LOS POLIC\u00cdAS<\/p>\n\n\n\n<p>En tanto, durante su cuarto d\u00eda de protestas, elementos de la Polic\u00eda Estatal realizaron una caravana y marcha del cuartel general ubicado en Santa Mar\u00eda Coyotepec, conurbado a la capital, al z\u00f3calo de la capital, para exigir al gobierno del estado mejores condiciones econ\u00f3micas laborales.<\/p>\n\n\n\n<p>Durante el trayecto, el contingente de uniformados caus\u00f3 afectaciones viales sobre la carretera Oaxaca-Puerto Escondido.<\/p>\n\n\n\n<p>Tras ello, con al menos una veintena de unidades de motor en la retaguardia, los alrededor de 200 elementos arribaron al z\u00f3calo para realizar un mitin, en que expusieron sus demandas.<\/p>\n\n\n\n<p>Tras ello, alrededor de las 15:00 horas, el gobernador Alejandro Murat acudi\u00f3 al cuartel policiaco, donde dialog\u00f3 por unos minutos con los inconformes y dej\u00f3 claro que habr\u00e1 respuestas pero dentro del marco de la ley y de las posibilidades presupuestales.<\/p>\n\n\n\n<p>Tras ello, se quedaron a la mesa de di\u00e1logo los secretarios de Administraci\u00f3n, Germ\u00e1n Espinosa Santib\u00e1\u00f1ez, y de la Segego, Francisco Garc\u00eda L\u00f3pez, sin lograr respuestas hasta las 21:00 horas.<\/p>\n\n\n\n<figure class=\"wp-block-embed-twitter wp-block-embed is-type-rich is-provider-twitter\"><div class=\"wp-block-embed__wrapper\">\n<div class=\"twitter-tweet\"><blockquote class=\"twitter-tweet\" data-lang=\"es\"><p lang=\"es\" dir=\"ltr\"><a href=\"https:\/\/twitter.com\/hashtag\/%C3%9AltimoMinuto?src=hash&amp;ref_src=twsrc%5Etfw\">#\u00daltimoMinuto<\/a> <br>Un centenar de elementos de la <a href=\"https:\/\/twitter.com\/Policia_GobOax?ref_src=twsrc%5Etfw\">@Policia_GobOax<\/a> -sin cuidar la sana distancia-, sale en marcha del cuartel de Santa Mar\u00eda Coyotepec hacia el centro de la ciudad de Oaxaca; insisten en sus demandas econ\u00f3micas. <a href=\"https:\/\/t.co\/e7KKUmGiGN\">pic.twitter.com\/e7KKUmGiGN<\/a><\/p>&mdash; Zona Roja Oaxaca (@Zona_Roja_Oax) <a href=\"https:\/\/twitter.com\/Zona_Roja_Oax\/status\/1374037543398825991?ref_src=twsrc%5Etfw\">22 de marzo de 2021<\/a><\/blockquote><\/div>\n<\/div><\/figure>\n\n\n\n<p>EN CENTRO HIST\u00d3RICO<\/p>\n\n\n\n<p>Las inconformidades contra las distintas dependencias del gobierno volvieron a ser motivo de un plant\u00f3n temporal frente a Casa Oficial del gobernador en la avenida Ju\u00e1rez, del Centro Hist\u00f3rico, donde obstruyeron la vialidad.<\/p>\n\n\n\n<p>Ahora fueron integrantes del Frente Ind\u00edgena de Pueblos Olvidados de Oaxaca (FIPOO) para denunciar el extrav\u00edo de proyectos previamente autorizados para la comunidad de Santiago Huajolotitl\u00e1n.<\/p>\n\n\n\n<p>El l\u00edder de los inconformes, Arturo Ortega Garc\u00eda, se\u00f1al\u00f3 que la Secretar\u00eda de Fianzas perdi\u00f3 el expediente de la autorizaci\u00f3n del proyecto de una barda para la Telesecundaria de la localidad, en 2020, por lo que ahora deben reiniciar todo el proceso burocr\u00e1tico. As\u00ed como de obras de pavimentaci\u00f3n.<\/p>\n\n\n\n<p>Sobre las calles del Centro Hist\u00f3rico tambi\u00e9n marcharon habitantes de San Pedro Acatl\u00e1n, del Bajo Mixe, integrados al Movimiento de Unificaci\u00f3n y Lucha Triqui (MULT) para exigir obras de reconstrucci\u00f3n por los da\u00f1os ocasionados en el sismo de 2017, pues hasta ahora m\u00e1s de una docena de familias siguen en la espera de ayuda para su patrimonio.<\/p>\n\n\n\n<p>OTRA VEZ NORMALISTAS<\/p>\n\n\n\n<p>Con la retenci\u00f3n de urbanos del transporte p\u00fablico, estudiantes normalistas de Oaxaca se movilizaron al sur de la capital del estado para bloquear la carretera internacional 190 en inmediaciones del acceso a la autopista Oaxaca-M\u00e9xico, en Etla.<\/p>\n\n\n\n<p>Los estudiantes mantienen su descontento con el Instituto Estatal de Educaci\u00f3n P\u00fablica de Oaxaca a pesar que la instrucci\u00f3n ha reiterado su cumplimiento con la contrataci\u00f3n de sus egresados y dotaci\u00f3n de equipo a las escuelas.<\/p>\n\n\n\n<figure class=\"wp-block-embed-twitter wp-block-embed is-type-rich is-provider-twitter\"><div class=\"wp-block-embed__wrapper\">\n<div class=\"twitter-tweet\"><blockquote class=\"twitter-tweet\" data-lang=\"es\"><p lang=\"es\" dir=\"ltr\"><a href=\"https:\/\/twitter.com\/hashtag\/%C3%9AltimoMinuto?src=hash&amp;ref_src=twsrc%5Etfw\">#\u00daltimoMinuto<\/a> <br>Estudiantes de escuelas Normales de Oaxaca mantienen su bloqueo a la entrada de la supercarretera Oaxaca-Cuacnopalan y ahora queman llantas. <br>El <a href=\"https:\/\/twitter.com\/IEEPOGobOax?ref_src=twsrc%5Etfw\">@IEEPOGobOax<\/a> ha reiterado que di\u00f3 atendi\u00f3 puntual a sus demandas. <a href=\"https:\/\/t.co\/0sTjFwkRmp\">pic.twitter.com\/0sTjFwkRmp<\/a><\/p>&mdash; Zona Roja Oaxaca (@Zona_Roja_Oax) <a href=\"https:\/\/twitter.com\/Zona_Roja_Oax\/status\/1374166514044006402?ref_src=twsrc%5Etfw\">23 de marzo de 2021<\/a><\/blockquote><\/div>\n<\/div><\/figure>\n\n\n\n<p>EN REGIONES<\/p>\n\n\n\n<p>En tanto, durante las primeras horas de este lunes se registr\u00f3 el cierre del acceso a Santo Domingo Tehuantepec, en el Istmo, por parte de mototaxistas.<\/p>\n\n\n\n<p>As\u00ed como desde ayer domingo se instal\u00f3 otro bloqueo carretero en Puente Madera en el tramo Juchit\u00e1n-Tehuantepec.&nbsp;<\/p>\n\n\n\n<p>Mientras que cerca del mediod\u00eda de este lunes se retir\u00f3 el bloqueo que manten\u00edan pobladores en la carretera 190 Panamericana en el puente Ostuta tramo La Ventosa-Zanatepec.<\/p>\n","protected":false},"excerpt":{"rendered":"<p>Yuridiana Sosa\/Zona Roja. Oaxaca de Ju\u00e1rez, Oax., 22 de marzo de 2020.- Mientras en m\u00faltiples&hellip;<\/p>\n","protected":false},"author":2,"featured_media":25012,"comment_status":"closed","ping_status":"open","sticky":false,"template":"","format":"standard","meta":{"_lmt_disableupdate":"","_lmt_disable":"","_jetpack_memberships_contains_paid_content":false,"footnotes":""},"categories":[109,47],"tags":[2496],"class_list":["post-25011","post","type-post","status-publish","format-standard","has-post-thumbnail","hentry","category-minuto-a-minuto","category-zona-gris","tag-marchas-y-bloqueos-oaxaca"],"jetpack_featured_media_url":"https:\/\/zonaroja.com.mx\/wp-content\/uploads\/2021\/03\/Protesta-MULT.jpg","jetpack_sharing_enabled":true,"_links":{"self":[{"href":"https:\/\/zonaroja.com.mx\/index.php?rest_route=\/wp\/v2\/posts\/25011","targetHints":{"allow":["GET"]}}],"collection":[{"href":"https:\/\/zonaroja.com.mx\/index.php?rest_route=\/wp\/v2\/posts"}],"about":[{"href":"https:\/\/zonaroja.com.mx\/index.php?rest_route=\/wp\/v2\/types\/post"}],"author":[{"embeddable":true,"href":"https:\/\/zonaroja.com.mx\/index.php?rest_route=\/wp\/v2\/users\/2"}],"replies":[{"embeddable":true,"href":"https:\/\/zonaroja.com.mx\/index.php?rest_route=%2Fwp%2Fv2%2Fcomments&post=25011"}],"version-history":[{"count":1,"href":"https:\/\/zonaroja.com.mx\/index.php?rest_route=\/wp\/v2\/posts\/25011\/revisions"}],"predecessor-version":[{"id":25013,"href":"https:\/\/zonaroja.com.mx\/index.php?rest_route=\/wp\/v2\/posts\/25011\/revisions\/25013"}],"wp:featuredmedia":[{"embeddable":true,"href":"https:\/\/zonaroja.com.mx\/index.php?rest_route=\/wp\/v2\/media\/25012"}],"wp:attachment":[{"href":"https:\/\/zonaroja.com.mx\/index.php?rest_route=%2Fwp%2Fv2%2Fmedia&parent=25011"}],"wp:term":[{"taxonomy":"category","embeddable":true,"href":"https:\/\/zonaroja.com.mx\/index.php?rest_route=%2Fwp%2Fv2%2Fcategories&post=25011"},{"taxonomy":"post_tag","embeddable":true,"href":"https:\/\/zonaroja.com.mx\/index.php?rest_route=%2Fwp%2Fv2%2Ftags&post=25011"}],"curies":[{"name":"wp","href":"https:\/\/api.w.org\/{rel}","templated":true}]}}