{"id":25015,"date":"2021-03-22T21:55:08","date_gmt":"2021-03-23T03:55:08","guid":{"rendered":"http:\/\/www.zonaroja.com.mx\/?p=25015"},"modified":"2021-03-22T21:55:12","modified_gmt":"2021-03-23T03:55:12","slug":"anuncia-comision-especial-para-atender-violencia-politica-en-oaxaca","status":"publish","type":"post","link":"https:\/\/zonaroja.com.mx\/?p=25015","title":{"rendered":"Anuncia, comisi\u00f3n especial para atender violencia pol\u00edtica en Oaxaca"},"content":{"rendered":"\n<p>Evlin Arag\u00f3n\/Zona Roja.<\/p>\n\n\n\n<p>Oaxaca de Ju\u00e1rez, Oax., 22 de marzo de 2021.- El gobernador de Oaxaca, Alejandro Murat Hinojosa, anunci\u00f3 la creaci\u00f3n de una comisi\u00f3n especial para atender la violencia pol\u00edtica en la entidad, misma que estar\u00eda integrada por personal de seguridad e inteligencia que permita identificar los \u201cfocos rojos\u201d. &nbsp;<\/p>\n\n\n\n<p>As\u00ed lo dio a conocer en entrevista para el grupo radiof\u00f3nico ORO Divisi\u00f3n Noticias, en donde aprovech\u00f3 para condenar el reciente asesinato de Ivonne Gallegos, aspirante a la presidencia municipal de Ocotl\u00e1n de Morelos.&nbsp;<\/p>\n\n\n\n<p>\u201cSe crear\u00e1 ya una comisi\u00f3n especial con elementos de seguridad e inteligencia para este proceso \u2013electoral-, para poder identificar donde puede haber \u00e1reas de riesgo o candidatos que puedan estar en riesgo, a fin de que esto no se repita\u201d, refiri\u00f3 el mandatario estatal.<\/p>\n\n\n\n<p>En este mismo sentido, se comprometi\u00f3 a no dar pie a la impunidad, por lo que dijo se aplicar\u00e1 todo el peso de la ley para quienes resulten responsables de los hechos registrados el s\u00e1bado por la ma\u00f1ana, en los que perdiera la vida la tambi\u00e9n ex diputada y funcionaria local.<\/p>\n\n\n\n<p>\u201cLo m\u00e1s importante es detener a los culpables, la poblaci\u00f3n debe tener claro que no habr\u00e1 impunidad. Todas las instituciones estamos en la ruta de construir una atm\u00f3sfera propicia en las elecciones a fin de que prevalezca el \u00e1nimo de la fiesta democr\u00e1tica y no este tipo de incidentes\u201d, manifest\u00f3.<\/p>\n\n\n\n<p>Murat Hinojosa asegur\u00f3 que su gobierno est\u00e1 trabajando de manera coordinada con las instancias de seguridad y procuraci\u00f3n de justicia, por lo que espera que en breve se puedan hacer anuncios importantes, en el marco de cero tolerancia a la impunidad, la cual dijo enfrentaran con todo el peso del Estado y de la ley.&nbsp;<\/p>\n\n\n\n<p>AVANZAN INVESTIGACIONES<\/p>\n\n\n\n<p>Por su parte el fiscal General del Estado, Arturo Peimbert Calvo, declar\u00f3 que se iniciaron las investigaciones del crimen en contra de Ivonne Gallegos como feminicidio, tal y como lo establece la ley, a la par que indic\u00f3 se tienen datos importantes para establecer c\u00f3mo sucedieron los hechos y dar seguimiento a las l\u00edneas de investigaci\u00f3n.<\/p>\n\n\n\n<p>El funcionario se comprometi\u00f3 a no dar paso a la impunidad y reiter\u00f3 que ya hubo una reuni\u00f3n de alto nivel con las autoridades del gobierno de Oaxaca a fin de avanzar de manera pronta en la resoluci\u00f3n del caso, mismo que puede marcar un precedente en la aplicaci\u00f3n de justicia.&nbsp;<\/p>\n\n\n\n<p>\u201cNo tengo las manos atadas para nada, tengo absolutamente toda la capacidad constitucional para poder operar en estricto apego a los Derechos Humanos y hacer cumplir la ley\u201d, sentenci\u00f3.&nbsp;<\/p>\n","protected":false},"excerpt":{"rendered":"<p>Evlin Arag\u00f3n\/Zona Roja. Oaxaca de Ju\u00e1rez, Oax., 22 de marzo de 2021.- El gobernador de&hellip;<\/p>\n","protected":false},"author":2,"featured_media":25016,"comment_status":"closed","ping_status":"open","sticky":false,"template":"","format":"standard","meta":{"_lmt_disableupdate":"","_lmt_disable":"","_jetpack_memberships_contains_paid_content":false,"footnotes":""},"categories":[109,47],"tags":[173],"class_list":["post-25015","post","type-post","status-publish","format-standard","has-post-thumbnail","hentry","category-minuto-a-minuto","category-zona-gris","tag-alejandro-murat-hinojosa"],"jetpack_featured_media_url":"https:\/\/zonaroja.com.mx\/wp-content\/uploads\/2021\/03\/Ocotlan-Ivonne-Gallegos-2.jpg","jetpack_sharing_enabled":true,"_links":{"self":[{"href":"https:\/\/zonaroja.com.mx\/index.php?rest_route=\/wp\/v2\/posts\/25015","targetHints":{"allow":["GET"]}}],"collection":[{"href":"https:\/\/zonaroja.com.mx\/index.php?rest_route=\/wp\/v2\/posts"}],"about":[{"href":"https:\/\/zonaroja.com.mx\/index.php?rest_route=\/wp\/v2\/types\/post"}],"author":[{"embeddable":true,"href":"https:\/\/zonaroja.com.mx\/index.php?rest_route=\/wp\/v2\/users\/2"}],"replies":[{"embeddable":true,"href":"https:\/\/zonaroja.com.mx\/index.php?rest_route=%2Fwp%2Fv2%2Fcomments&post=25015"}],"version-history":[{"count":1,"href":"https:\/\/zonaroja.com.mx\/index.php?rest_route=\/wp\/v2\/posts\/25015\/revisions"}],"predecessor-version":[{"id":25017,"href":"https:\/\/zonaroja.com.mx\/index.php?rest_route=\/wp\/v2\/posts\/25015\/revisions\/25017"}],"wp:featuredmedia":[{"embeddable":true,"href":"https:\/\/zonaroja.com.mx\/index.php?rest_route=\/wp\/v2\/media\/25016"}],"wp:attachment":[{"href":"https:\/\/zonaroja.com.mx\/index.php?rest_route=%2Fwp%2Fv2%2Fmedia&parent=25015"}],"wp:term":[{"taxonomy":"category","embeddable":true,"href":"https:\/\/zonaroja.com.mx\/index.php?rest_route=%2Fwp%2Fv2%2Fcategories&post=25015"},{"taxonomy":"post_tag","embeddable":true,"href":"https:\/\/zonaroja.com.mx\/index.php?rest_route=%2Fwp%2Fv2%2Ftags&post=25015"}],"curies":[{"name":"wp","href":"https:\/\/api.w.org\/{rel}","templated":true}]}}