{"id":25018,"date":"2021-03-22T21:56:46","date_gmt":"2021-03-23T03:56:46","guid":{"rendered":"http:\/\/www.zonaroja.com.mx\/?p=25018"},"modified":"2021-03-22T21:56:54","modified_gmt":"2021-03-23T03:56:54","slug":"matan-a-dos-individuos-en-la-costa-y-secuestran-a-mando-de-policia-vial","status":"publish","type":"post","link":"https:\/\/zonaroja.com.mx\/?p=25018","title":{"rendered":"Matan a dos individuos en la Costa y secuestran a mando de Polic\u00eda Vial"},"content":{"rendered":"\n<p>Redacci\u00f3n\/Zona Roja.<\/p>\n\n\n\n<p>Oaxaca de Ju\u00e1rez, Oax., 22 de marzo de 2021.- Dos personas fueron asesinadas a balazos y un elemento de la Polic\u00eda Vial municipal fue presuntamente secuestrado, este lunes, en comunidades de la regi\u00f3n de la Costa de Oaxaca.<\/p>\n\n\n\n<p>En el municipio de San Gabriel Mixtepec, fueron localizados los cuerpos de dos personas, a un costado de la carretera federal 131, paraje \u201cEl Cantil\u201d.<\/p>\n\n\n\n<p>Uno de ellos fue identificado como Imanol S., de 17 a\u00f1os de edad, y el otro permanece en calidad de desconocido; hasta el momento se desconocen las causas del doble homicidio.<\/p>\n\n\n\n<p>En tanto, en el destino tur\u00edstico de Puerto Escondido, agencia de San Pedro Mixtepec, fue presuntamente secuestrado el jefe de la Polic\u00eda Vial municipal, Josu\u00e9 Iv\u00e1n Silva Ambrosio.<\/p>\n\n\n\n<p>Sujetos desconocidos le dieron alcance al elemento cuando viajaba a bordo de su veh\u00edculo y se refugi\u00f3 en una bodega, donde lo plagiaron y se lo llevaron con rumbo desconocido; su paradero se desconoce hasta ahora.<\/p>\n","protected":false},"excerpt":{"rendered":"<p>Redacci\u00f3n\/Zona Roja. Oaxaca de Ju\u00e1rez, Oax., 22 de marzo de 2021.- Dos personas fueron asesinadas&hellip;<\/p>\n","protected":false},"author":2,"featured_media":1712,"comment_status":"closed","ping_status":"open","sticky":false,"template":"","format":"standard","meta":{"_lmt_disableupdate":"","_lmt_disable":"","_jetpack_memberships_contains_paid_content":false,"footnotes":""},"categories":[109,47],"tags":[1270],"class_list":["post-25018","post","type-post","status-publish","format-standard","has-post-thumbnail","hentry","category-minuto-a-minuto","category-zona-gris","tag-san-gabriel-mixtepec"],"jetpack_featured_media_url":"https:\/\/zonaroja.com.mx\/wp-content\/uploads\/2019\/06\/54ec1937-ea43-4b06-a371-29cc9eb1d75e.jpg","jetpack_sharing_enabled":true,"_links":{"self":[{"href":"https:\/\/zonaroja.com.mx\/index.php?rest_route=\/wp\/v2\/posts\/25018","targetHints":{"allow":["GET"]}}],"collection":[{"href":"https:\/\/zonaroja.com.mx\/index.php?rest_route=\/wp\/v2\/posts"}],"about":[{"href":"https:\/\/zonaroja.com.mx\/index.php?rest_route=\/wp\/v2\/types\/post"}],"author":[{"embeddable":true,"href":"https:\/\/zonaroja.com.mx\/index.php?rest_route=\/wp\/v2\/users\/2"}],"replies":[{"embeddable":true,"href":"https:\/\/zonaroja.com.mx\/index.php?rest_route=%2Fwp%2Fv2%2Fcomments&post=25018"}],"version-history":[{"count":1,"href":"https:\/\/zonaroja.com.mx\/index.php?rest_route=\/wp\/v2\/posts\/25018\/revisions"}],"predecessor-version":[{"id":25019,"href":"https:\/\/zonaroja.com.mx\/index.php?rest_route=\/wp\/v2\/posts\/25018\/revisions\/25019"}],"wp:featuredmedia":[{"embeddable":true,"href":"https:\/\/zonaroja.com.mx\/index.php?rest_route=\/wp\/v2\/media\/1712"}],"wp:attachment":[{"href":"https:\/\/zonaroja.com.mx\/index.php?rest_route=%2Fwp%2Fv2%2Fmedia&parent=25018"}],"wp:term":[{"taxonomy":"category","embeddable":true,"href":"https:\/\/zonaroja.com.mx\/index.php?rest_route=%2Fwp%2Fv2%2Fcategories&post=25018"},{"taxonomy":"post_tag","embeddable":true,"href":"https:\/\/zonaroja.com.mx\/index.php?rest_route=%2Fwp%2Fv2%2Ftags&post=25018"}],"curies":[{"name":"wp","href":"https:\/\/api.w.org\/{rel}","templated":true}]}}