{"id":25023,"date":"2021-03-23T07:27:34","date_gmt":"2021-03-23T13:27:34","guid":{"rendered":"http:\/\/www.zonaroja.com.mx\/?p=25023"},"modified":"2021-03-23T07:27:38","modified_gmt":"2021-03-23T13:27:38","slug":"fracasa-primer-dialogo-de-gobernador-con-policias-estatales","status":"publish","type":"post","link":"https:\/\/zonaroja.com.mx\/?p=25023","title":{"rendered":"Fracasa primer di\u00e1logo de gobernador con polic\u00edas estatales"},"content":{"rendered":"\n<p>Redacci\u00f3n\/Zona Roja.<\/p>\n\n\n\n<p>Oaxaca de Ju\u00e1rez, Oax., 23 de marzo de 2021.- Luego de dos visitas del gobernador Alejandro Murat al cuartel de la Polic\u00eda Estatal y dos infructuosos di\u00e1logos, la protesta de un grupo de uniformados se mantiene e inicia su quinto d\u00eda, en demanda de mejoras econ\u00f3micas a diversas prestaciones.<\/p>\n\n\n\n<p>Entre las peticiones de los elementos, que iniciaron el paro de labores el pasado viernes, con la \u201ctoma\u201d del cuartel general ubicado en Santa Mar\u00eda Coyotepec, se encuentran aumento salarial del 100 por ciento.<\/p>\n\n\n\n<p>Incremento de ayuda para alimentaci\u00f3n de 35 pesos a 400 pesos por d\u00eda; pago de vi\u00e1ticos de 800 pesos diarios y de inmediato; apoyo para acceso a vivienda; pago de seguro inmediato y cambio a modalidad al que est\u00e1n inscritos en el IMSS, entre otros.<\/p>\n\n\n\n<p>Tras una marcha-caravana que realizaron unos 200 polic\u00edas del cuartel hacia el z\u00f3calo, alrededor de las 15:00 horas, el gobernador Murat lleg\u00f3 alrededor de las 15:00 horas; despu\u00e9s de unos minutos, dej\u00f3 como responsables a los titulares de las secretar\u00edas de Administraci\u00f3n y General de Gobierno.<\/p>\n\n\n\n<figure class=\"wp-block-embed-twitter wp-block-embed is-type-rich is-provider-twitter\"><div class=\"wp-block-embed__wrapper\">\n<div class=\"twitter-tweet\"><blockquote class=\"twitter-tweet\" data-lang=\"es\"><p lang=\"es\" dir=\"ltr\"><a href=\"https:\/\/twitter.com\/hashtag\/%C3%9AltimoMinuto?src=hash&amp;ref_src=twsrc%5Etfw\">#\u00daltimoMinuto<\/a> <br>Esta noche el gobernador <a href=\"https:\/\/twitter.com\/alejandromurat?ref_src=twsrc%5Etfw\">@alejandromurat<\/a> lleg\u00f3 de nuevo al cuartel de la <a href=\"https:\/\/twitter.com\/Policia_GobOax?ref_src=twsrc%5Etfw\">@Policia_GobOax<\/a>, para dar una respuesta a los planteamientos que le hicieron en su primera visita en la tarde. <a href=\"https:\/\/t.co\/tL2xYiBUAN\">pic.twitter.com\/tL2xYiBUAN<\/a><\/p>&mdash; Zona Roja Oaxaca (@Zona_Roja_Oax) <a href=\"https:\/\/twitter.com\/Zona_Roja_Oax\/status\/1374223104365445121?ref_src=twsrc%5Etfw\">23 de marzo de 2021<\/a><\/blockquote><\/div>\n<\/div><\/figure>\n\n\n\n<p>Alrededor de las 22:00 horas, Germ\u00e1n Espinosa Santib\u00e1\u00f1ez y Francisco Garc\u00eda L\u00f3pez informaron al mandatario que ya hab\u00eda avances en las negociaciones, por lo cual Murat arrib\u00f3 cerca de las 23:00 horas.<\/p>\n\n\n\n<p>Sin embargo, al verificar que no hab\u00eda ning\u00fan acuerdo, opt\u00f3 por retirarse del cuartel, al igual que los funcionarios responsables del di\u00e1logo con los uniformados. Este martes, quinto d\u00eda de paro de labores, los polic\u00edas no tienen previsto hacer movilizaciones y esperar\u00e1n una nueva mesa de di\u00e1logo; a los encuentros de ayer no fue convocado el titular de Seguridad P\u00fablica, Ra\u00fal Ernesto Salcedo Rosales.<\/p>\n\n\n\n<p>Ayer por la ma\u00f1ana, Murat amag\u00f3 con tomar medidas necesarias a fin de restablecer el orden en la corporaci\u00f3n, lo que no ha sucedido hasta el momento.<\/p>\n","protected":false},"excerpt":{"rendered":"<p>Redacci\u00f3n\/Zona Roja. Oaxaca de Ju\u00e1rez, Oax., 23 de marzo de 2021.- Luego de dos visitas&hellip;<\/p>\n","protected":false},"author":2,"featured_media":25024,"comment_status":"closed","ping_status":"open","sticky":false,"template":"","format":"standard","meta":{"_lmt_disableupdate":"","_lmt_disable":"","_jetpack_memberships_contains_paid_content":false,"footnotes":""},"categories":[109,47],"tags":[984],"class_list":["post-25023","post","type-post","status-publish","format-standard","has-post-thumbnail","hentry","category-minuto-a-minuto","category-zona-gris","tag-policia-estatal-de-oaxaca"],"jetpack_featured_media_url":"https:\/\/zonaroja.com.mx\/wp-content\/uploads\/2021\/03\/Gobernador-cuartel-policia-2.png","jetpack_sharing_enabled":true,"_links":{"self":[{"href":"https:\/\/zonaroja.com.mx\/index.php?rest_route=\/wp\/v2\/posts\/25023","targetHints":{"allow":["GET"]}}],"collection":[{"href":"https:\/\/zonaroja.com.mx\/index.php?rest_route=\/wp\/v2\/posts"}],"about":[{"href":"https:\/\/zonaroja.com.mx\/index.php?rest_route=\/wp\/v2\/types\/post"}],"author":[{"embeddable":true,"href":"https:\/\/zonaroja.com.mx\/index.php?rest_route=\/wp\/v2\/users\/2"}],"replies":[{"embeddable":true,"href":"https:\/\/zonaroja.com.mx\/index.php?rest_route=%2Fwp%2Fv2%2Fcomments&post=25023"}],"version-history":[{"count":1,"href":"https:\/\/zonaroja.com.mx\/index.php?rest_route=\/wp\/v2\/posts\/25023\/revisions"}],"predecessor-version":[{"id":25025,"href":"https:\/\/zonaroja.com.mx\/index.php?rest_route=\/wp\/v2\/posts\/25023\/revisions\/25025"}],"wp:featuredmedia":[{"embeddable":true,"href":"https:\/\/zonaroja.com.mx\/index.php?rest_route=\/wp\/v2\/media\/25024"}],"wp:attachment":[{"href":"https:\/\/zonaroja.com.mx\/index.php?rest_route=%2Fwp%2Fv2%2Fmedia&parent=25023"}],"wp:term":[{"taxonomy":"category","embeddable":true,"href":"https:\/\/zonaroja.com.mx\/index.php?rest_route=%2Fwp%2Fv2%2Fcategories&post=25023"},{"taxonomy":"post_tag","embeddable":true,"href":"https:\/\/zonaroja.com.mx\/index.php?rest_route=%2Fwp%2Fv2%2Ftags&post=25023"}],"curies":[{"name":"wp","href":"https:\/\/api.w.org\/{rel}","templated":true}]}}