{"id":25026,"date":"2021-03-23T07:56:49","date_gmt":"2021-03-23T13:56:49","guid":{"rendered":"http:\/\/www.zonaroja.com.mx\/?p=25026"},"modified":"2021-03-23T07:56:53","modified_gmt":"2021-03-23T13:56:53","slug":"reinicia-vacunacion-contra-el-covid-en-17-municipios-de-oaxaca-incluyendo-capital","status":"publish","type":"post","link":"https:\/\/zonaroja.com.mx\/?p=25026","title":{"rendered":"Reinicia vacunaci\u00f3n contra el Covid en 17 municipios de Oaxaca, incluyendo capital"},"content":{"rendered":"\n<p>Redacci\u00f3n\/Zona Roja.<\/p>\n\n\n\n<p>Oaxaca de Ju\u00e1rez, Oaxaca, a 23 de marzo de 2021.- La jornada de vacunaci\u00f3n contra el Covid-19 para adultos mayores reinicia este martes en 16 localidades del distrito de Etla y ma\u00f1ana en la ciudad de Oaxaca.<\/p>\n\n\n\n<p>De acuerdo con la delegaci\u00f3n de la Secretar\u00eda de Bienesta, se trata de la Villa de Etla, Guadalupe; Magdalena Apasco, Nazareno, Reyes, San Agust\u00edn, San Andr\u00e9s Zautla, San Felipe Tejal\u00e1pam, San Francisco Telixtlahuaca, San Juan del Estado.<\/p>\n\n\n\n<p>San Lorenzo Cacaotepec, San Pablo, Villa de Huitzo, Santiago Suchilquitongo, Santo Tom\u00e1s Mazaltepec y Soledad, entre otros.<\/p>\n\n\n\n<p>En el caso de la capital, el ayuntamiento de Oaxaca de Ju\u00e1rez inform\u00f3 que los d\u00edas mi\u00e9rcoles y jueves continuar\u00e1 la primera etapa de vacunaci\u00f3n en adultos mayores que no recibieron la primera dosis.<\/p>\n\n\n\n<p>Ser\u00e1n seis mil 839 inmunol\u00f3gicos de la marca Pfuzer que se destinar\u00e1n para la capital.<\/p>\n\n\n\n<p>Detall\u00f3 que, en esta ocasi\u00f3n, se habilitar\u00e1n tres puntos de vacunaci\u00f3n con un horario de atenci\u00f3n de 10:00 a 16:00 horas, que se ubicar\u00e1n en:<\/p>\n\n\n\n<p>-Facultad de Arquitectura de la UABJO. (Avenida Universidad sin n\u00famero)<\/p>\n\n\n\n<p>-Facultad de Medicina y Cirug\u00eda de la UABJO. (Calzada San Felipe del Agua)<\/p>\n\n\n\n<p>-Gimnasio Universitario de la UABJO.&nbsp; (Avenida Universidad sin n\u00famero)<\/p>\n\n\n\n<p>\u201cEl edil Oswaldo Garc\u00eda Jarqu\u00edn detall\u00f3 que, de acuerdo con la informaci\u00f3n proporcionada por la Delegaci\u00f3n Estatal de Programas para el Desarrollo en el Estado de Oaxaca, las personas ser\u00e1n vacunadas conforme vayan llegando\u201d, detall\u00f3 en un comunicado.<\/p>\n","protected":false},"excerpt":{"rendered":"<p>Redacci\u00f3n\/Zona Roja. Oaxaca de Ju\u00e1rez, Oaxaca, a 23 de marzo de 2021.- La jornada de&hellip;<\/p>\n","protected":false},"author":2,"featured_media":25027,"comment_status":"closed","ping_status":"open","sticky":false,"template":"","format":"standard","meta":{"_lmt_disableupdate":"","_lmt_disable":"","_jetpack_memberships_contains_paid_content":false,"footnotes":""},"categories":[109,46],"tags":[2542],"class_list":["post-25026","post","type-post","status-publish","format-standard","has-post-thumbnail","hentry","category-minuto-a-minuto","category-zona-blanca","tag-vacunacion-contra-el-covid-oaxaca"],"jetpack_featured_media_url":"https:\/\/zonaroja.com.mx\/wp-content\/uploads\/2021\/03\/Vacunacion-contra-el-Covid.png","jetpack_sharing_enabled":true,"_links":{"self":[{"href":"https:\/\/zonaroja.com.mx\/index.php?rest_route=\/wp\/v2\/posts\/25026","targetHints":{"allow":["GET"]}}],"collection":[{"href":"https:\/\/zonaroja.com.mx\/index.php?rest_route=\/wp\/v2\/posts"}],"about":[{"href":"https:\/\/zonaroja.com.mx\/index.php?rest_route=\/wp\/v2\/types\/post"}],"author":[{"embeddable":true,"href":"https:\/\/zonaroja.com.mx\/index.php?rest_route=\/wp\/v2\/users\/2"}],"replies":[{"embeddable":true,"href":"https:\/\/zonaroja.com.mx\/index.php?rest_route=%2Fwp%2Fv2%2Fcomments&post=25026"}],"version-history":[{"count":1,"href":"https:\/\/zonaroja.com.mx\/index.php?rest_route=\/wp\/v2\/posts\/25026\/revisions"}],"predecessor-version":[{"id":25028,"href":"https:\/\/zonaroja.com.mx\/index.php?rest_route=\/wp\/v2\/posts\/25026\/revisions\/25028"}],"wp:featuredmedia":[{"embeddable":true,"href":"https:\/\/zonaroja.com.mx\/index.php?rest_route=\/wp\/v2\/media\/25027"}],"wp:attachment":[{"href":"https:\/\/zonaroja.com.mx\/index.php?rest_route=%2Fwp%2Fv2%2Fmedia&parent=25026"}],"wp:term":[{"taxonomy":"category","embeddable":true,"href":"https:\/\/zonaroja.com.mx\/index.php?rest_route=%2Fwp%2Fv2%2Fcategories&post=25026"},{"taxonomy":"post_tag","embeddable":true,"href":"https:\/\/zonaroja.com.mx\/index.php?rest_route=%2Fwp%2Fv2%2Ftags&post=25026"}],"curies":[{"name":"wp","href":"https:\/\/api.w.org\/{rel}","templated":true}]}}