{"id":25029,"date":"2021-03-23T08:02:30","date_gmt":"2021-03-23T14:02:30","guid":{"rendered":"http:\/\/www.zonaroja.com.mx\/?p=25029"},"modified":"2021-03-23T08:02:34","modified_gmt":"2021-03-23T14:02:34","slug":"firma-la-uabjo-acuerdo-de-colaboracion-con-embajada-de-francia","status":"publish","type":"post","link":"https:\/\/zonaroja.com.mx\/?p=25029","title":{"rendered":"Firma la UABJO acuerdo de colaboraci\u00f3n con Embajada de Francia"},"content":{"rendered":"\n<p>Redacci\u00f3n\/Zona Roja.<\/p>\n\n\n\n<p>Oaxaca de Ju\u00e1rez, Oax., 23 de marzo de 2021.- El rector de la UABJO, Eduardo Bautista Mart\u00ednez y el director de la Facultad de Medicina y Cirug\u00eda (FMC), Luis Manuel S\u00e1nchez Navarro, firmaron una carta de intenci\u00f3n con Jean\u2013Pierre Asvazadourian, Embajador de Francia en M\u00e9xico, en su visita a Oaxaca.<\/p>\n\n\n\n<p>Lo anterior con el prop\u00f3sito de fortalecer las herramientas en la formaci\u00f3n de personal m\u00e9dico, brindar seguimiento y desarrollo de posgrados en materia de salud, as\u00ed como dar continuidad al programa de intercambio estudiantil en los hospitales universitarios franceses.<\/p>\n\n\n\n<p>Al respecto, el rector manifest\u00f3 su agradecimiento al diplom\u00e1tico y celebr\u00f3 el inter\u00e9s por conjuntar acciones enfocadas a la salud y la educaci\u00f3n, como bienes universales, sobre todo en la coyuntura hist\u00f3rica que se vive ante la pandemia por Covid-19.<\/p>\n\n\n\n<p>\u201cNecesitamos seguir fortaleciendo proyectos colaborativos y con perspectiva de g\u00e9nero, para generar conocimiento, investigaci\u00f3n y avanzar de manera sustantiva brindando respuestas a las exigencias de igualdad\u201d, refiri\u00f3.<\/p>\n\n\n\n<p>Por su parte, el embajador, dijo que la educaci\u00f3n y la salud son dos ejes fundamentales en la cooperaci\u00f3n bilateral, pues tanto M\u00e9xico como Francia son pa\u00edses muy apegados al concepto de salud p\u00fablica y de acceso a ella, por lo tanto, hay un espacio importante de trabajo.<\/p>\n\n\n\n<p>En su oportunidad, el director de la Facultad de Medicina, manifest\u00f3 su benepl\u00e1cito por los aportes y la relaci\u00f3n interinstitucional que se ha mantenido con las Universidades Julio Verne en Picard\u00eda, Lille, Descartes y Cr\u00e9teil de Par\u00eds, lo cual ha permitido el intercambio estudiantil en hospitales e instituciones francesas.<\/p>\n\n\n\n<p>Cabe destacar que este documento, el cual fue firmado tambi\u00e9n por el director del Hospital General \u201cAurelio Valdivieso\u201d, Seraf\u00edn L\u00f3pez Concha, se enmarca en el convenio cultural existente entre el gobierno de los Estados Unidos Mexicanos y el Gobierno de la Rep\u00fablica Francesa, signado en Par\u00eds en 1970.<\/p>\n\n\n\n<p>Y contempla tambi\u00e9n el intercambio de experiencias y capacitaciones sobre temas relacionados con la salud en la mujer, haciendo \u00e9nfasis en los rubros de violencia, obstetricia y prevenci\u00f3n de embarazo en la adolescencia.<\/p>\n","protected":false},"excerpt":{"rendered":"<p>Redacci\u00f3n\/Zona Roja. Oaxaca de Ju\u00e1rez, Oax., 23 de marzo de 2021.- El rector de la&hellip;<\/p>\n","protected":false},"author":2,"featured_media":25031,"comment_status":"closed","ping_status":"open","sticky":false,"template":"","format":"standard","meta":{"_lmt_disableupdate":"","_lmt_disable":"","_jetpack_memberships_contains_paid_content":false,"footnotes":""},"categories":[109,46],"tags":[360],"class_list":["post-25029","post","type-post","status-publish","format-standard","has-post-thumbnail","hentry","category-minuto-a-minuto","category-zona-blanca","tag-rector-eduardo-bautista-martinez"],"jetpack_featured_media_url":"https:\/\/zonaroja.com.mx\/wp-content\/uploads\/2021\/03\/uabjo-y-francia-1.jpg","jetpack_sharing_enabled":true,"_links":{"self":[{"href":"https:\/\/zonaroja.com.mx\/index.php?rest_route=\/wp\/v2\/posts\/25029","targetHints":{"allow":["GET"]}}],"collection":[{"href":"https:\/\/zonaroja.com.mx\/index.php?rest_route=\/wp\/v2\/posts"}],"about":[{"href":"https:\/\/zonaroja.com.mx\/index.php?rest_route=\/wp\/v2\/types\/post"}],"author":[{"embeddable":true,"href":"https:\/\/zonaroja.com.mx\/index.php?rest_route=\/wp\/v2\/users\/2"}],"replies":[{"embeddable":true,"href":"https:\/\/zonaroja.com.mx\/index.php?rest_route=%2Fwp%2Fv2%2Fcomments&post=25029"}],"version-history":[{"count":1,"href":"https:\/\/zonaroja.com.mx\/index.php?rest_route=\/wp\/v2\/posts\/25029\/revisions"}],"predecessor-version":[{"id":25032,"href":"https:\/\/zonaroja.com.mx\/index.php?rest_route=\/wp\/v2\/posts\/25029\/revisions\/25032"}],"wp:featuredmedia":[{"embeddable":true,"href":"https:\/\/zonaroja.com.mx\/index.php?rest_route=\/wp\/v2\/media\/25031"}],"wp:attachment":[{"href":"https:\/\/zonaroja.com.mx\/index.php?rest_route=%2Fwp%2Fv2%2Fmedia&parent=25029"}],"wp:term":[{"taxonomy":"category","embeddable":true,"href":"https:\/\/zonaroja.com.mx\/index.php?rest_route=%2Fwp%2Fv2%2Fcategories&post=25029"},{"taxonomy":"post_tag","embeddable":true,"href":"https:\/\/zonaroja.com.mx\/index.php?rest_route=%2Fwp%2Fv2%2Ftags&post=25029"}],"curies":[{"name":"wp","href":"https:\/\/api.w.org\/{rel}","templated":true}]}}