{"id":25033,"date":"2021-03-23T08:08:12","date_gmt":"2021-03-23T14:08:12","guid":{"rendered":"http:\/\/www.zonaroja.com.mx\/?p=25033"},"modified":"2021-03-23T08:08:23","modified_gmt":"2021-03-23T14:08:23","slug":"temas-de-salud-deben-ser-vistos-como-hechos-sociales-en-los-medios","status":"publish","type":"post","link":"https:\/\/zonaroja.com.mx\/?p=25033","title":{"rendered":"Temas de salud deben ser vistos como hechos sociales en los medios"},"content":{"rendered":"\n<p>Evlin Arag\u00f3n\/Zona Roja.<\/p>\n\n\n\n<p>Oaxaca de Ju\u00e1rez, Oax., 23 de marzo de 2021.- La pandemia que vive actualmente el mundo, reafirm\u00f3 la importancia de contar con periodistas especializados en materia de salud que puedan hacer evidente que el tema es un hecho social y no una fuente independiente que se cubre dando relevancia exclusiva a las cifras.&nbsp;<\/p>\n\n\n\n<p>As\u00ed lo dio a conocer Lucano Romero C\u00e1rcamo, integrante del programa de Capacitaci\u00f3n en Periodismo de Salud y Emergencias Sanitarias (CAPSES), quien asegur\u00f3 que la salud no se puede concebir sin todo lo que la influye, es decir, las condiciones, estilo de vida y circunstancias en las que la poblaci\u00f3n se encuentra.&nbsp;<\/p>\n\n\n\n<p>Es a partir de ello que las y los periodistas pueden dar vida a las historias que ayuden a informar a las audiencias sobre c\u00f3mo cuidar, atender, prevenir o tomar acciones en beneficio de su salud, desde cada una de sus diferentes manifestaciones.<\/p>\n\n\n\n<p>Por ello, la especializaci\u00f3n del periodismo en salud es indispensable, ya que ampl\u00edalas posibilidades de abordar el fen\u00f3meno de manera diversa y plural, sin darle todo el peso a las cifras que muchas veces est\u00e1n fuera de contexto y resultan poco \u00fatiles para la audiencia.&nbsp;<\/p>\n\n\n\n<p>\u201cLas cifras no siempre generan certeza, el periodismo de salud no s\u00f3lo son discursos m\u00e9dicos, de pol\u00edticas y salud. Es necesario tomar en cuenta los factores sociales que afectan a la salud y el tipo de audiencia al que nos damos a la tarea informar\u201d, dijo.&nbsp;<\/p>\n\n\n\n<p>De acuerdo con el especialista en la cobertura diaria de temas de salud, es necesario contextualizar la informaci\u00f3n, mostrar las causas de las enfermedades, advertir de equidad o inequidad en el acceso a servicios, poner \u00e9nfasis en las personas, y permitir realizar un periodismo de proximidad.&nbsp;&nbsp;<\/p>\n\n\n\n<p>\u201cEl periodismo de proximidad es aquel que permite generar empat\u00eda con la audiencia, acompa\u00f1arla, explicarle, orientarla, incluso formarla y educarla en temas de salud\u201d, refiri\u00f3.&nbsp;<\/p>\n\n\n\n<p>Romero C\u00e1rcamo explic\u00f3 que, tomar en cuenta los factores sociales que implican los temas relacionados con la salud, permite practicar el periodismo de investigaci\u00f3n y no la simple nota de actualidad, favorece hacer \u00e9nfasis en la prevenci\u00f3n, poner atenci\u00f3n en la salud y no en la enfermedad y obliga a subrayar la \u00e9tica que conlleva el oficio de las y los periodistas.&nbsp;<\/p>\n\n\n\n<p>Por ello recomend\u00f3 enfocarse siempre en las personas, luego en la enfermedad; as\u00ed mismo recordar que los medios son masivos y por tanto hay que retomar el enfoque social diverso y lo m\u00e1s plural posible a fin de que el grueso de la audiencia se sienta identificada y tomada en cuenta.&nbsp;<\/p>\n\n\n\n<p>As\u00ed mismo detallo es importante que los medios de comunicaci\u00f3n, como la radio, aporten a las soluciones o motiven a la acci\u00f3n; respeten a familiares, pacientes y personal m\u00e9dico; as\u00ed como manejar un discurso realista, no alarmista.<\/p>\n\n\n\n<p>\u201cEl o la periodista con preparaci\u00f3n puede transformar el encuentro con las historias en una interacci\u00f3n social m\u00e1s emp\u00e1tica, formativa y agradable para sus audiencias\u201d, sentenci\u00f3.&nbsp;<\/p>\n\n\n\n<p>La charla del especialista se enmarc\u00f3 en el ciclo de conferencias \u201cUn a\u00f1o de explicar el Covid-19\u201d que forma parte de las actividades impulsada por la Asociaci\u00f3n de Periodistas de Oaxaca, con el respaldo de la Asociaci\u00f3n de Periodistas de Informaci\u00f3n Deportiva de Oaxaca, la Corporaci\u00f3n de Radio y Televisi\u00f3n, la 64 Legislatura del Estado, Radio Universidad de la UABJO, la Benem\u00e9rita Universidad de Oaxaca, entre otras.&nbsp;&nbsp;&nbsp;<\/p>\n","protected":false},"excerpt":{"rendered":"<p>Evlin Arag\u00f3n\/Zona Roja. Oaxaca de Ju\u00e1rez, Oax., 23 de marzo de 2021.- La pandemia que&hellip;<\/p>\n","protected":false},"author":2,"featured_media":25034,"comment_status":"closed","ping_status":"open","sticky":false,"template":"","format":"standard","meta":{"_lmt_disableupdate":"","_lmt_disable":"","_jetpack_memberships_contains_paid_content":false,"footnotes":""},"categories":[109,47],"tags":[2543],"class_list":["post-25033","post","type-post","status-publish","format-standard","has-post-thumbnail","hentry","category-minuto-a-minuto","category-zona-gris","tag-lucano-romero-carcamo"],"jetpack_featured_media_url":"https:\/\/zonaroja.com.mx\/wp-content\/uploads\/2021\/03\/Lucano-Romero.jpg","jetpack_sharing_enabled":true,"_links":{"self":[{"href":"https:\/\/zonaroja.com.mx\/index.php?rest_route=\/wp\/v2\/posts\/25033","targetHints":{"allow":["GET"]}}],"collection":[{"href":"https:\/\/zonaroja.com.mx\/index.php?rest_route=\/wp\/v2\/posts"}],"about":[{"href":"https:\/\/zonaroja.com.mx\/index.php?rest_route=\/wp\/v2\/types\/post"}],"author":[{"embeddable":true,"href":"https:\/\/zonaroja.com.mx\/index.php?rest_route=\/wp\/v2\/users\/2"}],"replies":[{"embeddable":true,"href":"https:\/\/zonaroja.com.mx\/index.php?rest_route=%2Fwp%2Fv2%2Fcomments&post=25033"}],"version-history":[{"count":1,"href":"https:\/\/zonaroja.com.mx\/index.php?rest_route=\/wp\/v2\/posts\/25033\/revisions"}],"predecessor-version":[{"id":25035,"href":"https:\/\/zonaroja.com.mx\/index.php?rest_route=\/wp\/v2\/posts\/25033\/revisions\/25035"}],"wp:featuredmedia":[{"embeddable":true,"href":"https:\/\/zonaroja.com.mx\/index.php?rest_route=\/wp\/v2\/media\/25034"}],"wp:attachment":[{"href":"https:\/\/zonaroja.com.mx\/index.php?rest_route=%2Fwp%2Fv2%2Fmedia&parent=25033"}],"wp:term":[{"taxonomy":"category","embeddable":true,"href":"https:\/\/zonaroja.com.mx\/index.php?rest_route=%2Fwp%2Fv2%2Fcategories&post=25033"},{"taxonomy":"post_tag","embeddable":true,"href":"https:\/\/zonaroja.com.mx\/index.php?rest_route=%2Fwp%2Fv2%2Ftags&post=25033"}],"curies":[{"name":"wp","href":"https:\/\/api.w.org\/{rel}","templated":true}]}}