{"id":25039,"date":"2021-03-23T14:56:15","date_gmt":"2021-03-23T20:56:15","guid":{"rendered":"http:\/\/www.zonaroja.com.mx\/?p=25039"},"modified":"2021-03-23T14:56:19","modified_gmt":"2021-03-23T20:56:19","slug":"ante-abandono-de-titular-de-sso-del-cargo-se-incrementan-protestas","status":"publish","type":"post","link":"https:\/\/zonaroja.com.mx\/?p=25039","title":{"rendered":"Ante abandono de titular de SSO del cargo, se incrementan protestas"},"content":{"rendered":"\n<p>Yuridiana Sosa\/Zona Roja.<\/p>\n\n\n\n<p>Oaxaca de Ju\u00e1rez, Oax., 23 de marzo de 2021.- La protesta contra los Servicios de Salud de Oaxaca (SSO) incrementaron este martes, ante la ausencia y desatenci\u00f3n de su titular Juan Carlos M\u00e1rquez Heine, a quien s\u00f3lo se le ha visto desde fotos que el Gobierno del Estado emite en ocasiones.<\/p>\n\n\n\n<p>Integrantes del Sindicato Independiente de Trabajadores del Sector Salud (SITSS) extendieron su manifestaci\u00f3n que comenz\u00f3 en el Centro Hist\u00f3rico, desde hace dos semanas, al inmueble en la colonia Reforma.<\/p>\n\n\n\n<p>Pero en esta ocasi\u00f3n a la protesta se suman integrantes del programa U013 \u201cAtenci\u00f3n a la salud y medicamentos gratuitos para la poblaci\u00f3n sin seguridad social laboral\u201d, que desde el mes de enero m\u00e9dicos, enfermeras, psic\u00f3logos y nutri\u00f3logos no han recibido pago por su trabajo.<\/p>\n\n\n\n<figure class=\"wp-block-embed-twitter wp-block-embed is-type-rich is-provider-twitter\"><div class=\"wp-block-embed__wrapper\">\n<div class=\"twitter-tweet\"><blockquote class=\"twitter-tweet\" data-lang=\"es\"><p lang=\"es\" dir=\"ltr\"><a href=\"https:\/\/twitter.com\/hashtag\/%C3%9AltimoMinuto?src=hash&amp;ref_src=twsrc%5Etfw\">#\u00daltimoMinuto<\/a> <br>Ante la nula atenci\u00f3n del titular de los <a href=\"https:\/\/twitter.com\/SSO_GobOax?ref_src=twsrc%5Etfw\">@SSO_GobOax<\/a>, <a href=\"https:\/\/twitter.com\/JC_MarquezH?ref_src=twsrc%5Etfw\">@JC_MarquezH<\/a>, integrantes del Sindicato Independiente del Sector Salud extienden el paro a oficinas administrativas en la colonia Reforma de la ciudad de Oaxaca. <a href=\"https:\/\/t.co\/fcqNA79UUh\">pic.twitter.com\/fcqNA79UUh<\/a><\/p>&mdash; Zona Roja Oaxaca (@Zona_Roja_Oax) <a href=\"https:\/\/twitter.com\/Zona_Roja_Oax\/status\/1374395824935890945?ref_src=twsrc%5Etfw\">23 de marzo de 2021<\/a><\/blockquote><\/div>\n<\/div><\/figure>\n\n\n\n<p>La secretaria general del SITSS, Mar\u00eda del Carmen Noriega, se\u00f1al\u00f3 que son al menos 100 trabajadores de esta \u00e1rea los que sufren por la falta de pagos a pesar que siguen en labores para no afectar a las comunidades donde ofrecen servicios, pues son las de mayor marginaci\u00f3n.<\/p>\n\n\n\n<p>Los Servicios de Salud de Oaxaca indicaron que no cuentan con recursos para cubrir esos salarios, pues se tratan de programas del gobierno federal que han funcionado durante varios a\u00f1os y en ocasi\u00f3n por medio del Instituto de Salud para el Bienestar (Insabi).<\/p>\n\n\n\n<p>Sin embargo, el Insabi les ha informado que el dinero ya fue designado al gobierno de Oaxaca para que cumpla de forma puntual, por lo que tambi\u00e9n exigen transparencia en la aplicaci\u00f3n de sus recursos.<\/p>\n\n\n\n<p>El pasado 16 de marzo, trabajadores de este programa tambi\u00e9n denunciaron que desde el inicio de a\u00f1o, la Secretar\u00eda de Salud de Oaxaca ha incumplido con la recontrataci\u00f3n de personal de esta \u00e1rea debido a que se venci\u00f3 el contrato el 31 de diciembre y hasta la fecha no los ha renovado.<\/p>\n","protected":false},"excerpt":{"rendered":"<p>Yuridiana Sosa\/Zona Roja. Oaxaca de Ju\u00e1rez, Oax., 23 de marzo de 2021.- La protesta contra&hellip;<\/p>\n","protected":false},"author":2,"featured_media":25040,"comment_status":"closed","ping_status":"open","sticky":false,"template":"","format":"standard","meta":{"_lmt_disableupdate":"","_lmt_disable":"","_jetpack_memberships_contains_paid_content":false,"footnotes":""},"categories":[109,47],"tags":[1005],"class_list":["post-25039","post","type-post","status-publish","format-standard","has-post-thumbnail","hentry","category-minuto-a-minuto","category-zona-gris","tag-servicios-de-salud-de-oaxaca-sso"],"jetpack_featured_media_url":"https:\/\/zonaroja.com.mx\/wp-content\/uploads\/2021\/03\/Paro-SSO-colonia-Reforma.jpg","jetpack_sharing_enabled":true,"_links":{"self":[{"href":"https:\/\/zonaroja.com.mx\/index.php?rest_route=\/wp\/v2\/posts\/25039","targetHints":{"allow":["GET"]}}],"collection":[{"href":"https:\/\/zonaroja.com.mx\/index.php?rest_route=\/wp\/v2\/posts"}],"about":[{"href":"https:\/\/zonaroja.com.mx\/index.php?rest_route=\/wp\/v2\/types\/post"}],"author":[{"embeddable":true,"href":"https:\/\/zonaroja.com.mx\/index.php?rest_route=\/wp\/v2\/users\/2"}],"replies":[{"embeddable":true,"href":"https:\/\/zonaroja.com.mx\/index.php?rest_route=%2Fwp%2Fv2%2Fcomments&post=25039"}],"version-history":[{"count":1,"href":"https:\/\/zonaroja.com.mx\/index.php?rest_route=\/wp\/v2\/posts\/25039\/revisions"}],"predecessor-version":[{"id":25041,"href":"https:\/\/zonaroja.com.mx\/index.php?rest_route=\/wp\/v2\/posts\/25039\/revisions\/25041"}],"wp:featuredmedia":[{"embeddable":true,"href":"https:\/\/zonaroja.com.mx\/index.php?rest_route=\/wp\/v2\/media\/25040"}],"wp:attachment":[{"href":"https:\/\/zonaroja.com.mx\/index.php?rest_route=%2Fwp%2Fv2%2Fmedia&parent=25039"}],"wp:term":[{"taxonomy":"category","embeddable":true,"href":"https:\/\/zonaroja.com.mx\/index.php?rest_route=%2Fwp%2Fv2%2Fcategories&post=25039"},{"taxonomy":"post_tag","embeddable":true,"href":"https:\/\/zonaroja.com.mx\/index.php?rest_route=%2Fwp%2Fv2%2Ftags&post=25039"}],"curies":[{"name":"wp","href":"https:\/\/api.w.org\/{rel}","templated":true}]}}