{"id":25042,"date":"2021-03-23T15:31:37","date_gmt":"2021-03-23T21:31:37","guid":{"rendered":"http:\/\/www.zonaroja.com.mx\/?p=25042"},"modified":"2021-03-23T15:31:41","modified_gmt":"2021-03-23T21:31:41","slug":"un-ano-de-covid-ha-dejado-376-oaxaquenos-muertos-en-los-eu","status":"publish","type":"post","link":"https:\/\/zonaroja.com.mx\/?p=25042","title":{"rendered":"Un a\u00f1o de Covid ha dejado 376 oaxaque\u00f1os muertos en los EU"},"content":{"rendered":"\n<p>Redacci\u00f3n\/Zona Roja.<\/p>\n\n\n\n<p>Oaxaca de Ju\u00e1rez, Oax., 23 de marzo de 2021.- Al corte del 19 de marzo del 2021, se tienen contabilizados un total de 376 migrantes oaxaque\u00f1os fallecidos por Covid-19 en los Estados Unidos de Norteam\u00e9rica, inform\u00f3 el gobierno de Oaxaca, a trav\u00e9s del Instituto Oaxaque\u00f1o de Atenci\u00f3n al Migrante (IOAM).<\/p>\n\n\n\n<p>La directora del organismo, A\u00edda Ruiz Garc\u00eda, inform\u00f3 que por indicaciones del gobernador Alejandro Murat Hinojosa, el IOAM brinda el acompa\u00f1amiento y cubre al 100 por ciento el costo del traslado de la Ciudad de M\u00e9xico hasta la comunidad de origen de los migrantes fallecidos.<\/p>\n\n\n\n<p>En un comunicado, detall\u00f3 que Oaxaca ocupa el quinto lugar en decesos a nivel nacional, tan solo por debajo de Guerrero con 385, Michoac\u00e1n con 400, Jalisco 401 y Puebla el de mayor afectaci\u00f3n con 735.<\/p>\n\n\n\n<p>Puntualiz\u00f3, en lo que va de este 2021, han realizado la gesti\u00f3n y repatriaci\u00f3n de 113 restos mortuorios a su comunidad de origen, de los cuales 89 hombres y 24 mujeres.<\/p>\n\n\n\n<p>De estos, 13 corresponde a la Costa, 11 al Istmo, 40 a la Mixteca, cuatro de la Cuenca, dos Sierra Norte, 15 Sierra Sur y 28 Valles Centrales.<\/p>\n\n\n\n<p>Agreg\u00f3 que 46 han sido por muerte natural, 14 accidental, seis muerte violenta, dos muerte en el intento, 11 se investigan y 34 por COVID-19.<\/p>\n\n\n\n<p>De esta manera, exhort\u00f3 a la comunidad migrante y familias oaxaque\u00f1as evitar viajes internacionales por motivos no esenciales, con el objetivo disminuir la propagaci\u00f3n del virus SARS-CoV-2 y redoblar esfuerzos para contrarrestar la saturaci\u00f3n de hospitales.<\/p>\n\n\n\n<p>Recalc\u00f3 que debido a la pandemia ocasionada por el coronavirus, contin\u00faan las restricciones hacia la frontera entre M\u00e9xico y Estados Unidos, para cruces no esenciales.<\/p>\n","protected":false},"excerpt":{"rendered":"<p>Redacci\u00f3n\/Zona Roja. Oaxaca de Ju\u00e1rez, Oax., 23 de marzo de 2021.- Al corte del 19&hellip;<\/p>\n","protected":false},"author":2,"featured_media":14995,"comment_status":"closed","ping_status":"open","sticky":false,"template":"","format":"standard","meta":{"_lmt_disableupdate":"","_lmt_disable":"","_jetpack_memberships_contains_paid_content":false,"footnotes":""},"categories":[109,47],"tags":[1228],"class_list":["post-25042","post","type-post","status-publish","format-standard","has-post-thumbnail","hentry","category-minuto-a-minuto","category-zona-gris","tag-instituto-oaxaqueno-de-atencion-al-migrante"],"jetpack_featured_media_url":"https:\/\/zonaroja.com.mx\/wp-content\/uploads\/2020\/07\/Migrantes-IOAM.png","jetpack_sharing_enabled":true,"_links":{"self":[{"href":"https:\/\/zonaroja.com.mx\/index.php?rest_route=\/wp\/v2\/posts\/25042","targetHints":{"allow":["GET"]}}],"collection":[{"href":"https:\/\/zonaroja.com.mx\/index.php?rest_route=\/wp\/v2\/posts"}],"about":[{"href":"https:\/\/zonaroja.com.mx\/index.php?rest_route=\/wp\/v2\/types\/post"}],"author":[{"embeddable":true,"href":"https:\/\/zonaroja.com.mx\/index.php?rest_route=\/wp\/v2\/users\/2"}],"replies":[{"embeddable":true,"href":"https:\/\/zonaroja.com.mx\/index.php?rest_route=%2Fwp%2Fv2%2Fcomments&post=25042"}],"version-history":[{"count":1,"href":"https:\/\/zonaroja.com.mx\/index.php?rest_route=\/wp\/v2\/posts\/25042\/revisions"}],"predecessor-version":[{"id":25043,"href":"https:\/\/zonaroja.com.mx\/index.php?rest_route=\/wp\/v2\/posts\/25042\/revisions\/25043"}],"wp:featuredmedia":[{"embeddable":true,"href":"https:\/\/zonaroja.com.mx\/index.php?rest_route=\/wp\/v2\/media\/14995"}],"wp:attachment":[{"href":"https:\/\/zonaroja.com.mx\/index.php?rest_route=%2Fwp%2Fv2%2Fmedia&parent=25042"}],"wp:term":[{"taxonomy":"category","embeddable":true,"href":"https:\/\/zonaroja.com.mx\/index.php?rest_route=%2Fwp%2Fv2%2Fcategories&post=25042"},{"taxonomy":"post_tag","embeddable":true,"href":"https:\/\/zonaroja.com.mx\/index.php?rest_route=%2Fwp%2Fv2%2Ftags&post=25042"}],"curies":[{"name":"wp","href":"https:\/\/api.w.org\/{rel}","templated":true}]}}