{"id":25044,"date":"2021-03-23T15:40:38","date_gmt":"2021-03-23T21:40:38","guid":{"rendered":"http:\/\/www.zonaroja.com.mx\/?p=25044"},"modified":"2021-03-23T15:40:45","modified_gmt":"2021-03-23T21:40:45","slug":"regresa-el-magisterio-a-las-calles-de-oaxaca-recibe-a-caravana-del-sur","status":"publish","type":"post","link":"https:\/\/zonaroja.com.mx\/?p=25044","title":{"rendered":"Regresa el magisterio a las calles de Oaxaca; recibe a \u201cCaravana del Sur\u201d"},"content":{"rendered":"\n<p>Evlin Arag\u00f3n\/Zona Roja.<\/p>\n\n\n\n<p>Oaxaca de Ju\u00e1rez, Oax., 23 de marzo de 2021.- Integrantes de la \u00abCaravana del Sur\u201d marcharon esta ma\u00f1ana por las principales calles de la ciudad de Oaxaca, en su ruta hacia la Ciudad de M\u00e9xico, para exigir la reinstalaci\u00f3n de la mesa de di\u00e1logo entre la Coordinadora Nacional de Trabajadores de la Educaci\u00f3n y el Presidente de la Rep\u00fablica, Andr\u00e9s Manuel L\u00f3pez Obrador.&nbsp;<\/p>\n\n\n\n<p>Desde temprana hora integrantes de la Secci\u00f3n VII del Sindicato Nacional de Trabajadores de la Educaci\u00f3n \u2013adheridos a la CNTE&#8211;, con el respaldo de la Secci\u00f3n 22, reiniciaron sus actividades y con ello su ruta, luego de arribar el lunes al territorio oaxaque\u00f1o, procedentes del estado de Chiapas.<\/p>\n\n\n\n<p>Previo a su arribo al z\u00f3calo de la ciudad, decenas de puestos ambulantes al Frente Popular \u201c14 de Junio\u201d se instalaron en el lugar para expender cualquier cantidad de productos, adem\u00e1s de exigir el cese de la persecuci\u00f3n a sus l\u00edderes, as\u00ed como libertad para sus presos pol\u00edticos.<\/p>\n\n\n\n<p>Durante el trayecto de la marcha, integrantes de la caravana dieron a conocer que pretenden llegar a la Ciudad de M\u00e9xico para instalar un plant\u00f3n en el z\u00f3calo a fin de que sean recibidos por el mandatario federal a quien exigir\u00e1n que se respeten sus derechos laborales adquiridos a lo largo de los \u00faltimos a\u00f1os.&nbsp;<\/p>\n\n\n\n<p>\u201cHoy la Coordinadora Nacional, el bloque democr\u00e1tico del magisterio, sale a las calles nuevamente y por eso decimos: no que no, s\u00ed que s\u00ed, ya volvimos a salir\u201d, corearon durante su actividad, que inclu\u00eda adem\u00e1s personal que sanitizaba a las y los participantes.\u00a0<\/p>\n\n\n\n<figure class=\"wp-block-embed-twitter wp-block-embed is-type-rich is-provider-twitter\"><div class=\"wp-block-embed__wrapper\">\n<div class=\"twitter-tweet\"><blockquote class=\"twitter-tweet\" data-lang=\"es\"><p lang=\"es\" dir=\"ltr\">Oaxaca de Ju\u00e1rez, Oax., a 23 de marzo de 2021.- Llega al z\u00f3calo de la ciudad de <a href=\"https:\/\/twitter.com\/hashtag\/Oaxaca?src=hash&amp;ref_src=twsrc%5Etfw\">#Oaxaca<\/a> la Caravana del Sur, conformada por militantes de la <a href=\"https:\/\/twitter.com\/hashtag\/CNTE?src=hash&amp;ref_src=twsrc%5Etfw\">#CNTE<\/a> y organizaciones sociales, que van rumbo a la Ciudad de M\u00e9xico.<br>Aqu\u00ed la transmisi\u00f3n:<br>\ud83d\udc47<a href=\"https:\/\/t.co\/VKoEWgpD4P\">https:\/\/t.co\/VKoEWgpD4P<\/a> <a href=\"https:\/\/t.co\/YepqNvXRAR\">pic.twitter.com\/YepqNvXRAR<\/a><\/p>&mdash; Zona Roja Oaxaca (@Zona_Roja_Oax) <a href=\"https:\/\/twitter.com\/Zona_Roja_Oax\/status\/1374404801459490819?ref_src=twsrc%5Etfw\">23 de marzo de 2021<\/a><\/blockquote><\/div>\n<\/div><\/figure>\n\n\n\n<p>RESPALDO MAGISTERIAL<\/p>\n\n\n\n<p>De acuerdo con Wilbert Santiago Valdivieso, vocero de la Secci\u00f3n 22 del SNTE, la marcha es en respaldo a la caravana motorizada proveniente de Tuxtla Guti\u00e9rrez a la cual valoran acompa\u00f1ar de manera representativa en su arribo a la capital del pa\u00eds.&nbsp;<\/p>\n\n\n\n<p>Sin miedo al Covid y asegurando que se toman las medidas sanitarias correspondiente, el tambi\u00e9n docente asegur\u00f3 que se busca reinstalar la mesa \u00fanica de negociaciones que aborde las diferentes problem\u00e1ticas a las que se enfrenta el magisterio en M\u00e9xico.&nbsp;<\/p>\n\n\n\n<p>En dicha mesa buscan la participaci\u00f3n del Presidente Andr\u00e9s Manuel L\u00f3pez Obrador, para dar soluci\u00f3n a sus demandas, dentro de las que se encuentra su repudio a la resoluci\u00f3n de la Suprema Corte de Justicia de la Naci\u00f3n (SCJN) de autorizar que las pensiones sean medidas a trav\u00e9s de la Unidad de Medida y Actualizaci\u00f3n (UMA) y no con base en el salario m\u00ednimo.<\/p>\n\n\n\n<p>Sin embargo, no es la \u00fanica, ya que en la localidad existen a\u00fan una serie de incidencias administrativas que no se han resuelto en su totalidad, hace falta reconocimiento del Plan para la Transformaci\u00f3n de la Educaci\u00f3n en Oaxaca (PTEO), el reconocimiento de los espacios ganados por el magisterio en resistencia, as\u00ed como las necesidades apremiantes al interior de las escuelas, que forman parte del pliego petitorio que entregaran el pr\u00f3ximo primero de mayo.&nbsp;&nbsp;<\/p>\n\n\n\n<p>A varios meses de no salir a las calles, Santiago Valdivieso indic\u00f3 que defienden la salud, pero que es necesario el respaldo de la lucha magisterial iniciada por sus compa\u00f1eros desde Chiapas, a trav\u00e9s de la movilizaci\u00f3n, pese a la continuidad de la pandemia.\u00a0 \u201cAunque hemos hecho acciones desde la virtualidad, no es suficiente. Hemos visto que la movilizaci\u00f3n-negociaci\u00f3n- movilizaci\u00f3n es la afectiva para alcanzar la atenci\u00f3n de todas nuestras demandas\u201d, dijo.<\/p>\n\n\n\n<figure class=\"wp-block-embed-twitter wp-block-embed is-type-rich is-provider-twitter\"><div class=\"wp-block-embed__wrapper\">\n<div class=\"twitter-tweet\"><blockquote class=\"twitter-tweet\" data-lang=\"es\"><p lang=\"es\" dir=\"ltr\"><a href=\"https:\/\/twitter.com\/hashtag\/%C3%9AltimoMinuto?src=hash&amp;ref_src=twsrc%5Etfw\">#\u00daltimoMinuto<\/a> <br>Sin miedo al Covid-19, la Secci\u00f3n 22 del SNTE se uni\u00f3 a la \u201cCaracana del Sur\u201d, que se dirige a la Ciudad de M\u00e9xico. <br>El secretario de Prensa, Wilbert Santiago Valdivieso, asegura que se toman medidas. <br>Explica los motivos de la protesta: <a href=\"https:\/\/t.co\/TCKBko4TfE\">pic.twitter.com\/TCKBko4TfE<\/a><\/p>&mdash; Zona Roja Oaxaca (@Zona_Roja_Oax) <a href=\"https:\/\/twitter.com\/Zona_Roja_Oax\/status\/1374419420307615748?ref_src=twsrc%5Etfw\">23 de marzo de 2021<\/a><\/blockquote><\/div>\n<\/div><\/figure>\n","protected":false},"excerpt":{"rendered":"<p>Evlin Arag\u00f3n\/Zona Roja. Oaxaca de Ju\u00e1rez, Oax., 23 de marzo de 2021.- Integrantes de la&hellip;<\/p>\n","protected":false},"author":2,"featured_media":25045,"comment_status":"closed","ping_status":"open","sticky":false,"template":"","format":"standard","meta":{"_lmt_disableupdate":"","_lmt_disable":"","_jetpack_memberships_contains_paid_content":false,"footnotes":""},"categories":[109,47],"tags":[312],"class_list":["post-25044","post","type-post","status-publish","format-standard","has-post-thumbnail","hentry","category-minuto-a-minuto","category-zona-gris","tag-seccion-22-del-snte"],"jetpack_featured_media_url":"https:\/\/zonaroja.com.mx\/wp-content\/uploads\/2021\/03\/Marcha-Seccion-22-2.jpg","jetpack_sharing_enabled":true,"_links":{"self":[{"href":"https:\/\/zonaroja.com.mx\/index.php?rest_route=\/wp\/v2\/posts\/25044","targetHints":{"allow":["GET"]}}],"collection":[{"href":"https:\/\/zonaroja.com.mx\/index.php?rest_route=\/wp\/v2\/posts"}],"about":[{"href":"https:\/\/zonaroja.com.mx\/index.php?rest_route=\/wp\/v2\/types\/post"}],"author":[{"embeddable":true,"href":"https:\/\/zonaroja.com.mx\/index.php?rest_route=\/wp\/v2\/users\/2"}],"replies":[{"embeddable":true,"href":"https:\/\/zonaroja.com.mx\/index.php?rest_route=%2Fwp%2Fv2%2Fcomments&post=25044"}],"version-history":[{"count":1,"href":"https:\/\/zonaroja.com.mx\/index.php?rest_route=\/wp\/v2\/posts\/25044\/revisions"}],"predecessor-version":[{"id":25046,"href":"https:\/\/zonaroja.com.mx\/index.php?rest_route=\/wp\/v2\/posts\/25044\/revisions\/25046"}],"wp:featuredmedia":[{"embeddable":true,"href":"https:\/\/zonaroja.com.mx\/index.php?rest_route=\/wp\/v2\/media\/25045"}],"wp:attachment":[{"href":"https:\/\/zonaroja.com.mx\/index.php?rest_route=%2Fwp%2Fv2%2Fmedia&parent=25044"}],"wp:term":[{"taxonomy":"category","embeddable":true,"href":"https:\/\/zonaroja.com.mx\/index.php?rest_route=%2Fwp%2Fv2%2Fcategories&post=25044"},{"taxonomy":"post_tag","embeddable":true,"href":"https:\/\/zonaroja.com.mx\/index.php?rest_route=%2Fwp%2Fv2%2Ftags&post=25044"}],"curies":[{"name":"wp","href":"https:\/\/api.w.org\/{rel}","templated":true}]}}