{"id":25047,"date":"2021-03-23T15:54:44","date_gmt":"2021-03-23T21:54:44","guid":{"rendered":"http:\/\/www.zonaroja.com.mx\/?p=25047"},"modified":"2021-03-23T15:54:51","modified_gmt":"2021-03-23T21:54:51","slug":"ante-descuido-municipal-vuelven-ambulantes-al-zocalo-de-oaxaca","status":"publish","type":"post","link":"https:\/\/zonaroja.com.mx\/?p=25047","title":{"rendered":"Ante descuido municipal, vuelven ambulantes al z\u00f3calo de Oaxaca"},"content":{"rendered":"\n<p>Yuridiana Sosa\/Zona Roja.<\/p>\n\n\n\n<p>Oaxaca de Ju\u00e1rez, Oax., 23 de marzo de 2021.- El z\u00f3calo de la capital de Oaxaca es nuevamente escenario de una plaza comercial informal, instalada como medida de presi\u00f3n para que el Gobierno del Estado atienda a las demandas de car\u00e1cter penal y social del Frente Popular \u201c14 de Junio\u201d.<\/p>\n\n\n\n<p>Ante la ausencia de la autoridad que encabeza el edil Oswaldo Garc\u00eda Jarqu\u00edn, desde primera hora de la ma\u00f1ana los agremiados a esta organizaci\u00f3n comenzaron la invasi\u00f3n a un costado de la Catedral y en el pasillo frente al portal de Las Flores; algunos montaron sus puestos, mientras que otros apartaron sus espacios con bancos y rejas que portaban cartulinas con la leyenda: \u201cExigimos mesa de di\u00e1logo con la Segego\u201d.<\/p>\n\n\n\n<p>Con puestos de todo tipo, comida, artesan\u00edas, ropa y diversos art\u00edculos, la organizaci\u00f3n exige la libertad para uno de sus l\u00edderes detenido en 2017, Javier Francisco M. hijo de Francisco Mart\u00ednez S\u00e1nchez \u201cDon Panchito\u201d, este \u00faltimo pr\u00f3fugo de la justicia.<\/p>\n\n\n\n<p>Javier Francisco M. fue detenido por el delito de tentativa de homicidio calificado, pero para la organizaci\u00f3n se trata de un preso pol\u00edtico, mientras que el Gobierno del Estado realiza una persecuci\u00f3n pol\u00edtica a su l\u00edder \u201cDon Panchito\u201d, por cr\u00edmenes que no ha cometido.<\/p>\n\n\n\n<figure class=\"wp-block-embed-twitter wp-block-embed is-type-rich is-provider-twitter\"><div class=\"wp-block-embed__wrapper\">\n<div class=\"twitter-tweet\"><blockquote class=\"twitter-tweet\" data-lang=\"es\"><p lang=\"es\" dir=\"ltr\">Oaxaca de Ju\u00e1rez, Oax. 23 de marzo de 2021. Se vuelven a instalar en el z\u00f3calo los comerciantes ambulantes, ahora del Frente Popular &quot;14 de Junio&quot;, por demanda de justicia y di\u00e1logo con la <a href=\"https:\/\/twitter.com\/SEGEGO_GobOax?ref_src=twsrc%5Etfw\">@SEGEGO_GobOax<\/a>.<br><br>Siga aqu\u00ed la transmisi\u00f3n:<br>\ud83d\udc47<a href=\"https:\/\/t.co\/Z2OSWRoalm\">https:\/\/t.co\/Z2OSWRoalm<\/a> <a href=\"https:\/\/t.co\/npn1lRpu51\">pic.twitter.com\/npn1lRpu51<\/a><\/p>&mdash; Zona Roja Oaxaca (@Zona_Roja_Oax) <a href=\"https:\/\/twitter.com\/Zona_Roja_Oax\/status\/1374384682125512707?ref_src=twsrc%5Etfw\">23 de marzo de 2021<\/a><\/blockquote><\/div>\n<\/div><\/figure>\n\n\n\n<p>Esta es la exigencia que ha movido al Frente \u201c14 de Junio\u201d a\u00fan durante la contingencia sanitaria de covid-19.<\/p>\n\n\n\n<p>Desde septiembre pasado mantienen plantones constantes en el z\u00f3calo y la Alameda de Le\u00f3n. En octubre volvieron luego que consideraron que la Fiscal\u00eda General de Oaxaca no cumpli\u00f3 con la revisi\u00f3n de los casos.<\/p>\n\n\n\n<p>Ahora, demandan tambi\u00e9n una mesa de di\u00e1logo con la instituci\u00f3n de procuraci\u00f3n de justicia y acercamiento con su titular, Arturo Peimbert Calvo.<\/p>\n","protected":false},"excerpt":{"rendered":"<p>Yuridiana Sosa\/Zona Roja. Oaxaca de Ju\u00e1rez, Oax., 23 de marzo de 2021.- El z\u00f3calo de&hellip;<\/p>\n","protected":false},"author":2,"featured_media":25048,"comment_status":"closed","ping_status":"open","sticky":false,"template":"","format":"standard","meta":{"_lmt_disableupdate":"","_lmt_disable":"","_jetpack_memberships_contains_paid_content":false,"footnotes":""},"categories":[109,47],"tags":[2315],"class_list":["post-25047","post","type-post","status-publish","format-standard","has-post-thumbnail","hentry","category-minuto-a-minuto","category-zona-gris","tag-ayuntamiento-de-oaxaca-de-juarez"],"jetpack_featured_media_url":"https:\/\/zonaroja.com.mx\/wp-content\/uploads\/2021\/03\/Ambulantes-zocalo.jpg","jetpack_sharing_enabled":true,"_links":{"self":[{"href":"https:\/\/zonaroja.com.mx\/index.php?rest_route=\/wp\/v2\/posts\/25047","targetHints":{"allow":["GET"]}}],"collection":[{"href":"https:\/\/zonaroja.com.mx\/index.php?rest_route=\/wp\/v2\/posts"}],"about":[{"href":"https:\/\/zonaroja.com.mx\/index.php?rest_route=\/wp\/v2\/types\/post"}],"author":[{"embeddable":true,"href":"https:\/\/zonaroja.com.mx\/index.php?rest_route=\/wp\/v2\/users\/2"}],"replies":[{"embeddable":true,"href":"https:\/\/zonaroja.com.mx\/index.php?rest_route=%2Fwp%2Fv2%2Fcomments&post=25047"}],"version-history":[{"count":1,"href":"https:\/\/zonaroja.com.mx\/index.php?rest_route=\/wp\/v2\/posts\/25047\/revisions"}],"predecessor-version":[{"id":25049,"href":"https:\/\/zonaroja.com.mx\/index.php?rest_route=\/wp\/v2\/posts\/25047\/revisions\/25049"}],"wp:featuredmedia":[{"embeddable":true,"href":"https:\/\/zonaroja.com.mx\/index.php?rest_route=\/wp\/v2\/media\/25048"}],"wp:attachment":[{"href":"https:\/\/zonaroja.com.mx\/index.php?rest_route=%2Fwp%2Fv2%2Fmedia&parent=25047"}],"wp:term":[{"taxonomy":"category","embeddable":true,"href":"https:\/\/zonaroja.com.mx\/index.php?rest_route=%2Fwp%2Fv2%2Fcategories&post=25047"},{"taxonomy":"post_tag","embeddable":true,"href":"https:\/\/zonaroja.com.mx\/index.php?rest_route=%2Fwp%2Fv2%2Ftags&post=25047"}],"curies":[{"name":"wp","href":"https:\/\/api.w.org\/{rel}","templated":true}]}}