{"id":2505,"date":"2019-07-25T09:50:00","date_gmt":"2019-07-25T14:50:00","guid":{"rendered":"http:\/\/www.zonaroja.com.mx\/?p=2505"},"modified":"2019-07-25T10:01:30","modified_gmt":"2019-07-25T15:01:30","slug":"respaldan-a-diputada-elisa-zepeda-exigen-a-fiscalia-a-indagar-agresiones","status":"publish","type":"post","link":"https:\/\/zonaroja.com.mx\/?p=2505","title":{"rendered":"Respaldan a diputada Elisa Zepeda; exigen a Fiscal\u00eda a indagar agresiones"},"content":{"rendered":"\n<p>Ismael\nGarc\u00eda M.<\/p>\n\n\n\n<p>San Raymundo\nJalpan, Oax., 25 de julio de 2019.- Legisladores de diversas fracciones\npol\u00edticas de la 64 Legislatura de Oaxaca expresaron su solidaridad a la\ndiputada por Morena, Elisa Zepeda Lagunas, y exhortaron a la Fiscal\u00eda General\ndel Estado indagar a la brevedad los ataques en su contra.<\/p>\n\n\n\n<p>El lunes a\ntrav\u00e9s de las redes sociales, la presidenta de la Comisi\u00f3n Permanente de\nAdministraci\u00f3n y Procuraci\u00f3n de Justicia denunci\u00f3 que en calles del Centro\nHist\u00f3rico de la capital pegaron carteles en la que la denuestan, por lo cual\nexigi\u00f3 intervenci\u00f3n de las autoridades ministeriales.<\/p>\n\n\n\n<p>Este\nmi\u00e9rcoles en la sesi\u00f3n solemne, legisladoras y legisladores de Morena, PRI,\nPartido del Trabajo, PVEM y Mujeres Independientes le expresaron su respaldo y\nexigieron detener a los responsables de la violencia pol\u00edtica en contra de la\ndiputada Elisa Zepeda.<\/p>\n\n\n\n<p>\u201cRespaldamos\na la diputada Elisa Zepeda Lagunas, cuya labor ha sido defender la democracia,\nlos principios de igualdad y el respeto a los derechos humanos de las y los\nciudadanos de esta entidad\u201d, dijo Delfina Elizabeth Guzm\u00e1n D\u00edaz, a nombre del\ngrupo parlamentario de Morena. <\/p>\n\n\n\n<p>Sa\u00fal Cruz\nJim\u00e9nez, del Partido del Trabajo, manifest\u00f3 de igual forma su respaldo a la\nlegisladora y exhort\u00f3 a la Fiscal\u00eda General del Estado aclarar este tema. \u201cPedimos\na las diputadas y diputados que de igual manera fijen postura y muestren su\nrespaldo a la compa\u00f1era Elisa Zepeda Lagunas\u201d.<\/p>\n\n\n\n<p>Por su\nparte, la diputada Victoria Cruz Villar, integrante del grupo parlamentario del\nPartido Verde Ecologista de M\u00e9xico, expres\u00f3 que la violencia pol\u00edtica contra\nlas mujeres debe ser frenada por lo que pidi\u00f3 una pronta aclaraci\u00f3n de los\nhechos que han sido denunciados p\u00fablicamente.<\/p>\n\n\n\n<p>Fabrizio\nEmir D\u00edaz Alc\u00e1zar, coordinador parlamentario del Partido Encuentro Social, sostuvo\nque se trata de un hecho lamentable, \u201cno son suficientes las leyes, no son\nsuficientes las reformas, me parece delicado para el desarrollo democr\u00e1tico del\nEstado. No es un llamado solamente a las instituciones que por mandato tienen\nesa obligaci\u00f3n sino todos nosotros como sociedad para avanzar en este prop\u00f3sito\u201d.<\/p>\n\n\n\n<p>Del grupo\nparlamentario de Mujeres Independientes, la diputada Aleida Serrano Rosado\nasegur\u00f3 que el clima de la violencia pol\u00edtica contra las mujeres debe terminar.<\/p>\n\n\n\n<p>\u201cHoy un\nclaro ejemplo de romper el silencio de la violencia de la que hemos sido objeto\nlas mujeres lo es precisamente nuestra compa\u00f1era diputada, quien ha sido objeto\npor a\u00f1os de actos intimidatorios, amenazas e intento de homicidios, quien ha\nalzado la voz\u201d.<\/p>\n\n\n\n<p>En tanto la\nrepresentante del Partido Acci\u00f3n Nacional, la diputada Mar\u00eda de Jes\u00fas Mendoza\nS\u00e1nchez, manifest\u00f3 que en el pasado, la pol\u00edtica era una cuesti\u00f3n meramente de\nhombres, en donde se negaba la entrada a las mujeres a veces usando la ley y\notras la violencia. Por lo que consider\u00f3 necesario erradicar este tipo de\nacciones.<\/p>\n\n\n\n<p>Magda Isabel Rend\u00f3n Tirado, del grupo parlamentario del PRI, mostr\u00f3 su apoyo independientemente de los colores partidistas por lo que expres\u00f3: \u201ccondenamos fuertemente las acciones que puedan ir encaminadas a robar la paz y tranquilidad de cualquier persona. Compa\u00f1eras y compa\u00f1eros como comentaba con mis compa\u00f1eros del grupo parlamentario, hoy eres t\u00fa ma\u00f1ana puede ser cualquiera de nosotras y de nosotros y cualquier ciudadano\u201d.<\/p>\n\n\n\n<figure class=\"wp-block-embed-twitter wp-block-embed is-type-rich is-provider-twitter\"><div class=\"wp-block-embed__wrapper\">\n<div class=\"twitter-tweet\"><blockquote class=\"twitter-tweet\" data-lang=\"es\"><p lang=\"es\" dir=\"ltr\">Durante la sesi\u00f3n ordinaria de este mi\u00e9rcoles del <a href=\"https:\/\/twitter.com\/CongresoOaxLXIV?ref_src=twsrc%5Etfw\">@CongresoOaxLXIV<\/a>, diputadas(os) de diversas fracciones parlamentarias expresan su solidaridad a la legisladora <a href=\"https:\/\/twitter.com\/Elisa_ZepedaOax?ref_src=twsrc%5Etfw\">@Elisa_ZepedaOax<\/a> y exigen a la <a href=\"https:\/\/twitter.com\/FISCALIA_GobOax?ref_src=twsrc%5Etfw\">@FISCALIA_GobOax<\/a> una investigaci\u00f3n \u00e1gil y efectiva. <a href=\"https:\/\/t.co\/ItULErBbcE\">pic.twitter.com\/ItULErBbcE<\/a><\/p>&mdash; Zona Roja Oaxaca (@MexRoja) <a href=\"https:\/\/twitter.com\/MexRoja\/status\/1154077829900001286?ref_src=twsrc%5Etfw\">24 de julio de 2019<\/a><\/blockquote><\/div>\n<\/div><\/figure>\n","protected":false},"excerpt":{"rendered":"<p>Ismael Garc\u00eda M. San Raymundo Jalpan, Oax., 25 de julio de 2019.- Legisladores de diversas&hellip;<\/p>\n","protected":false},"author":2,"featured_media":2508,"comment_status":"closed","ping_status":"open","sticky":false,"template":"","format":"standard","meta":{"_lmt_disableupdate":"","_lmt_disable":"","_jetpack_memberships_contains_paid_content":false,"footnotes":""},"categories":[1,47],"tags":[397],"class_list":["post-2505","post","type-post","status-publish","format-standard","has-post-thumbnail","hentry","category-sin-categoria","category-zona-gris","tag-respaldan-diputados-a-elisa-zepeda-lagunas"],"jetpack_featured_media_url":"https:\/\/zonaroja.com.mx\/wp-content\/uploads\/2019\/07\/Elisa-Zepeda-Lagunas.jpg","jetpack_sharing_enabled":true,"_links":{"self":[{"href":"https:\/\/zonaroja.com.mx\/index.php?rest_route=\/wp\/v2\/posts\/2505","targetHints":{"allow":["GET"]}}],"collection":[{"href":"https:\/\/zonaroja.com.mx\/index.php?rest_route=\/wp\/v2\/posts"}],"about":[{"href":"https:\/\/zonaroja.com.mx\/index.php?rest_route=\/wp\/v2\/types\/post"}],"author":[{"embeddable":true,"href":"https:\/\/zonaroja.com.mx\/index.php?rest_route=\/wp\/v2\/users\/2"}],"replies":[{"embeddable":true,"href":"https:\/\/zonaroja.com.mx\/index.php?rest_route=%2Fwp%2Fv2%2Fcomments&post=2505"}],"version-history":[{"count":1,"href":"https:\/\/zonaroja.com.mx\/index.php?rest_route=\/wp\/v2\/posts\/2505\/revisions"}],"predecessor-version":[{"id":2506,"href":"https:\/\/zonaroja.com.mx\/index.php?rest_route=\/wp\/v2\/posts\/2505\/revisions\/2506"}],"wp:featuredmedia":[{"embeddable":true,"href":"https:\/\/zonaroja.com.mx\/index.php?rest_route=\/wp\/v2\/media\/2508"}],"wp:attachment":[{"href":"https:\/\/zonaroja.com.mx\/index.php?rest_route=%2Fwp%2Fv2%2Fmedia&parent=2505"}],"wp:term":[{"taxonomy":"category","embeddable":true,"href":"https:\/\/zonaroja.com.mx\/index.php?rest_route=%2Fwp%2Fv2%2Fcategories&post=2505"},{"taxonomy":"post_tag","embeddable":true,"href":"https:\/\/zonaroja.com.mx\/index.php?rest_route=%2Fwp%2Fv2%2Ftags&post=2505"}],"curies":[{"name":"wp","href":"https:\/\/api.w.org\/{rel}","templated":true}]}}