{"id":25050,"date":"2021-03-23T20:45:26","date_gmt":"2021-03-24T02:45:26","guid":{"rendered":"http:\/\/www.zonaroja.com.mx\/?p=25050"},"modified":"2021-03-23T20:45:29","modified_gmt":"2021-03-24T02:45:29","slug":"se-registra-maria-elena-soriano-por-el-prd-a-diputacion-local-por-el-distrito-xv","status":"publish","type":"post","link":"https:\/\/zonaroja.com.mx\/?p=25050","title":{"rendered":"Se registra Mar\u00eda Elena Soriano por el PRD a diputaci\u00f3n local por el distrito XV"},"content":{"rendered":"\n<p>Redacci\u00f3n\/Zona Roja.<\/p>\n\n\n\n<p>Oaxaca de Ju\u00e1rez, Oax., 23 de marzo de 2021.- Con el aval del Comit\u00e9 Directivo Estatal (CDE) del Partido de la Revoluci\u00f3n Democr\u00e1tica (PRD), se llev\u00f3 a cabo el registro de la candidatura de Mar\u00eda Elena Soriano D\u00edaz, para la diputaci\u00f3n local, en el distrito XV, que comprende los municipios de Santa Cruz Xoxocotl\u00e1n, San Antonio de la Cal, Villa de Zaachila, San Raymundo Jalpan y Cuil\u00e1pam de Guerrero.<\/p>\n\n\n\n<p>Un comit\u00e9 encabezado por Palem\u00f3n Gregorio Bautista, presidente de la Mesa Directiva Estatal del PRD, en Oaxaca; Jaime \u00c1lvarez Mart\u00ednez, representante suplente ante el Instituto Estatal Electoral y de Participaci\u00f3n Ciudadana de Oaxaca (IEEPCO); Antonio \u00c1lvarez Mart\u00ednez, consejero estatal; Evelyn Mendoza Nava,&nbsp; secretaria de Asuntos Electorales de la Direcci\u00f3n Estatal Ejecutiva, y Rogelia Gonz\u00e1lez Luis, secretaria de Diversidad&nbsp; de G\u00e9nero, le entregaron la constancia del registro.<\/p>\n\n\n\n<p>Mar\u00eda Elena Soriano agradeci\u00f3 la oportunidad de participar y representar no solo a las mujeres sino tambi\u00e9n a la juventud.<\/p>\n\n\n\n<p>Conden\u00f3 el feminicidio de la ex diputada local y actual precandidata a la presidencia municipal de Ocotl\u00e1n de Morelos, en Valles Centrales, Ivonne Gallegos Carre\u00f1o.<\/p>\n\n\n\n<p>Finalmente, llam\u00f3 a la unidad partidista y al trabajo para consolidar el&nbsp; triunfo, en la coalici\u00f3n \u00abVa por Oaxaca\u00bb, del Partido Acci\u00f3n Nacional (PAN) y el Partido Revolucionario Institucional (PRI).<\/p>\n","protected":false},"excerpt":{"rendered":"<p>Redacci\u00f3n\/Zona Roja. Oaxaca de Ju\u00e1rez, Oax., 23 de marzo de 2021.- Con el aval del&hellip;<\/p>\n","protected":false},"author":2,"featured_media":25051,"comment_status":"closed","ping_status":"open","sticky":false,"template":"","format":"standard","meta":{"_lmt_disableupdate":"","_lmt_disable":"","_jetpack_memberships_contains_paid_content":false,"footnotes":""},"categories":[109,46],"tags":[2544],"class_list":["post-25050","post","type-post","status-publish","format-standard","has-post-thumbnail","hentry","category-minuto-a-minuto","category-zona-blanca","tag-maria-elena-soriano-diaz"],"jetpack_featured_media_url":"https:\/\/zonaroja.com.mx\/wp-content\/uploads\/2021\/03\/Maria-Elena-soriano.png","jetpack_sharing_enabled":true,"_links":{"self":[{"href":"https:\/\/zonaroja.com.mx\/index.php?rest_route=\/wp\/v2\/posts\/25050","targetHints":{"allow":["GET"]}}],"collection":[{"href":"https:\/\/zonaroja.com.mx\/index.php?rest_route=\/wp\/v2\/posts"}],"about":[{"href":"https:\/\/zonaroja.com.mx\/index.php?rest_route=\/wp\/v2\/types\/post"}],"author":[{"embeddable":true,"href":"https:\/\/zonaroja.com.mx\/index.php?rest_route=\/wp\/v2\/users\/2"}],"replies":[{"embeddable":true,"href":"https:\/\/zonaroja.com.mx\/index.php?rest_route=%2Fwp%2Fv2%2Fcomments&post=25050"}],"version-history":[{"count":1,"href":"https:\/\/zonaroja.com.mx\/index.php?rest_route=\/wp\/v2\/posts\/25050\/revisions"}],"predecessor-version":[{"id":25052,"href":"https:\/\/zonaroja.com.mx\/index.php?rest_route=\/wp\/v2\/posts\/25050\/revisions\/25052"}],"wp:featuredmedia":[{"embeddable":true,"href":"https:\/\/zonaroja.com.mx\/index.php?rest_route=\/wp\/v2\/media\/25051"}],"wp:attachment":[{"href":"https:\/\/zonaroja.com.mx\/index.php?rest_route=%2Fwp%2Fv2%2Fmedia&parent=25050"}],"wp:term":[{"taxonomy":"category","embeddable":true,"href":"https:\/\/zonaroja.com.mx\/index.php?rest_route=%2Fwp%2Fv2%2Fcategories&post=25050"},{"taxonomy":"post_tag","embeddable":true,"href":"https:\/\/zonaroja.com.mx\/index.php?rest_route=%2Fwp%2Fv2%2Ftags&post=25050"}],"curies":[{"name":"wp","href":"https:\/\/api.w.org\/{rel}","templated":true}]}}