{"id":25053,"date":"2021-03-23T21:40:07","date_gmt":"2021-03-24T03:40:07","guid":{"rendered":"http:\/\/www.zonaroja.com.mx\/?p=25053"},"modified":"2021-03-23T21:40:11","modified_gmt":"2021-03-24T03:40:11","slug":"mientras-segego-fracasa-por-segundo-dia-con-policias-oaxaca-sigue-lleno-de-protestas","status":"publish","type":"post","link":"https:\/\/zonaroja.com.mx\/?p=25053","title":{"rendered":"Mientras Segego fracasa por segundo d\u00eda con polic\u00edas, Oaxaca sigue lleno de protestas"},"content":{"rendered":"\n<p>Yuridiana Sosa\/Zona Roja.<\/p>\n\n\n\n<p>Oaxaca de Ju\u00e1rez, Oax., 23 de marzo de 2021.- Por segundo d\u00eda consecutivo, la Secretar\u00eda General de Gobierno (Segego) fracas\u00f3 en su intento de di\u00e1logo y negociaci\u00f3n con un grupo de elementos de la Polic\u00eda Estatal que mantienen un paro de labores desde hace cinco d\u00edas.<\/p>\n\n\n\n<p>El gobernador Alejandro Murat encarg\u00f3 al titular de la dependencia, Francisco Garc\u00eda L\u00f3pez, atender la problem\u00e1tica, pero \u00e9ste s\u00f3lo ha dado evasivas y promesas, lo cual inconform\u00f3 esta noche a los uniformados, que dieron un receso a las mesas de trabajo.<\/p>\n\n\n\n<p>Por segundo d\u00eda consecutivo de la semana, tambi\u00e9n, las protestas se multiplicaron en las regiones Valles Centrales e Istmo de Tehuantepec.<\/p>\n\n\n\n<p>Adheridos a la Coordinadora Nacional de Trabajadores de la Educaci\u00f3n (CNTE) de Oaxaca y Chiapas encabezaron una marcha representativa en Oaxaca de Ju\u00e1rez para exigir al gobierno de M\u00e9xico restablezca las mesas de negociaci\u00f3n con la Coordinadora.<\/p>\n\n\n\n<p>La \u201cCaravana del Sur, por parte de la Secci\u00f3n 17 y 40 de Chiapas arrib\u00f3 este martes a la capital oaxaque\u00f1a, donde la Secci\u00f3n 22 del SNTE de Oaxaca respald\u00f3 la movilizaci\u00f3n que se dirige a la Ciudad de M\u00e9xico.<\/p>\n\n\n\n<p>A la marcha se integraron organizaciones sociales como Lubizha, el Movimiento de Unificaci\u00f3n y Lucha Triqui, as\u00ed como del Frente Popular Revolucionario. A su paso por las calles del Centro Hist\u00f3rico, realizaron pintas por las demandas sociales.<\/p>\n\n\n\n<p>OTRO D\u00cdA EN EL ISTMO<\/p>\n\n\n\n<p>En la regi\u00f3n del Istmo de Tehuantepec las movilizaciones continuaron para este martes. Transportistas mantuvieron por segundo d\u00eda un bloqueo en el puente de fierro, de Tehuantepec, sobre la carretera federal 190.<\/p>\n\n\n\n<p>As\u00ed tambi\u00e9n, en el punto conocido como \u201cEl Caracol\u201d, en la carretera federal 190 en el tramo Jalapa del Marqu\u00e9s\u2013Tehuantepec, entronque con la supercarretera Salina Cruz-La Ventosa.<\/p>\n\n\n\n<p>En la capital, un grupo de pobladores de la colonia 10 de Abril de Santa Rosa Panzacola, protest\u00f3 en la Plaza de la Danza en contra del edil Oswaldo Garc\u00eda Jarqu\u00edn, por obras inconclusas, principalmente en un sistema de drenaje.<\/p>\n\n\n\n<p>Indicaron que han tenido di\u00e1logo con las autoridades pero lo \u00fanico que les dicen que no hay avances por la pandemia; el pasado 19 de enero tuvieron un conflicto interno entre colonos pero ni as\u00ed el presidente municipal ha atendido la problem\u00e1tica.<\/p>\n","protected":false},"excerpt":{"rendered":"<p>Yuridiana Sosa\/Zona Roja. Oaxaca de Ju\u00e1rez, Oax., 23 de marzo de 2021.- Por segundo d\u00eda&hellip;<\/p>\n","protected":false},"author":2,"featured_media":25054,"comment_status":"closed","ping_status":"open","sticky":false,"template":"","format":"standard","meta":{"_lmt_disableupdate":"","_lmt_disable":"","_jetpack_memberships_contains_paid_content":false,"footnotes":""},"categories":[109,47],"tags":[2496],"class_list":["post-25053","post","type-post","status-publish","format-standard","has-post-thumbnail","hentry","category-minuto-a-minuto","category-zona-gris","tag-marchas-y-bloqueos-oaxaca"],"jetpack_featured_media_url":"https:\/\/zonaroja.com.mx\/wp-content\/uploads\/2021\/03\/Bloqueo-acceso-Tehuantepec.jpg","jetpack_sharing_enabled":true,"_links":{"self":[{"href":"https:\/\/zonaroja.com.mx\/index.php?rest_route=\/wp\/v2\/posts\/25053","targetHints":{"allow":["GET"]}}],"collection":[{"href":"https:\/\/zonaroja.com.mx\/index.php?rest_route=\/wp\/v2\/posts"}],"about":[{"href":"https:\/\/zonaroja.com.mx\/index.php?rest_route=\/wp\/v2\/types\/post"}],"author":[{"embeddable":true,"href":"https:\/\/zonaroja.com.mx\/index.php?rest_route=\/wp\/v2\/users\/2"}],"replies":[{"embeddable":true,"href":"https:\/\/zonaroja.com.mx\/index.php?rest_route=%2Fwp%2Fv2%2Fcomments&post=25053"}],"version-history":[{"count":1,"href":"https:\/\/zonaroja.com.mx\/index.php?rest_route=\/wp\/v2\/posts\/25053\/revisions"}],"predecessor-version":[{"id":25055,"href":"https:\/\/zonaroja.com.mx\/index.php?rest_route=\/wp\/v2\/posts\/25053\/revisions\/25055"}],"wp:featuredmedia":[{"embeddable":true,"href":"https:\/\/zonaroja.com.mx\/index.php?rest_route=\/wp\/v2\/media\/25054"}],"wp:attachment":[{"href":"https:\/\/zonaroja.com.mx\/index.php?rest_route=%2Fwp%2Fv2%2Fmedia&parent=25053"}],"wp:term":[{"taxonomy":"category","embeddable":true,"href":"https:\/\/zonaroja.com.mx\/index.php?rest_route=%2Fwp%2Fv2%2Fcategories&post=25053"},{"taxonomy":"post_tag","embeddable":true,"href":"https:\/\/zonaroja.com.mx\/index.php?rest_route=%2Fwp%2Fv2%2Ftags&post=25053"}],"curies":[{"name":"wp","href":"https:\/\/api.w.org\/{rel}","templated":true}]}}