{"id":25059,"date":"2021-03-23T22:26:50","date_gmt":"2021-03-24T04:26:50","guid":{"rendered":"http:\/\/www.zonaroja.com.mx\/?p=25059"},"modified":"2021-03-23T22:26:54","modified_gmt":"2021-03-24T04:26:54","slug":"originario-del-edomex-gana-candidatura-por-santa-lucia-del-camino-seguidor-lo-festeja-con-amenazas","status":"publish","type":"post","link":"https:\/\/zonaroja.com.mx\/?p=25059","title":{"rendered":"Originario del Edomex gana candidatura por Santa Luc\u00eda del Camino; seguidor lo festeja con amenazas"},"content":{"rendered":"\n<p>Redacci\u00f3n\/Zona Roja.<\/p>\n\n\n\n<p>Oaxaca de Ju\u00e1rez, Oax., 23 de marzo de 2021.- Mientras Juan Carlos Garc\u00eda M\u00e1rquez, originario del Estado de M\u00e9xico, festejaba su designaci\u00f3n como candidato a edil de Santa Luc\u00eda del Camino, con cohetones y grabando un video, su planilla amenazaba a vecinos y presidentes de colonia que no lo apoyaron.<\/p>\n\n\n\n<p>Mediante audios de WhatsApp difundidos, y que corresponden a chats vecinales, quien se identifica como el \u201cNene\u201d, Arturo F. M. M., asesor del morenista Garc\u00eda M\u00e1rquez, advierte que ser\u00e1 el nuevo regidor de seguridad y que detendr\u00e1 a qui\u00e9n \u201cse las debe\u201d.<\/p>\n\n\n\n<p>Tambi\u00e9n se burl\u00f3 de los aspirantes a edil por su mismo partido, Adri\u00e1n Rojas y Mar\u00eda Libia, quien perdieron en la encuesta.<\/p>\n\n\n\n<p>\u201cSi es mexiquense es mexicano carnal, es como t\u00fa, tampoco eres de Santa Luc\u00eda, eres de un pinche pueblito; te doli\u00f3 porque perdi\u00f3 Adri\u00e1n y Mar\u00eda Libia, pinche chillona esa, ah\u00ed llor\u00f3 en el partido cuando no qued\u00f3.<\/p>\n\n\n\n<p>\u201cTe dije que \u00edbamos a ganar nosotros y yo voy por mi regidur\u00eda de seguridad y cuando te vea te voy a llevar pinche puto\u201d, se escucha la amenaza contra el presidente de la colonia Deportiva de Santa Luc\u00eda del Camino.<\/p>\n\n\n\n<p>Y es que tras la designaci\u00f3n de Juna Carlos Garc\u00eda M\u00e1rquez como candidato por Morena, comenz\u00f3 a intimidar a quienes difundieron su informaci\u00f3n de que su asociaci\u00f3n civil \u00abAlas en el Coraz\u00f3n\u00bb, no existe ni est\u00e1 registrada ante ning\u00fan organismo, tal como lo marca el oficio SIR-0205851, avalado por el Instituto de la Funci\u00f3n Registral del Estado de Oaxaca (IFREO), adem\u00e1s de compartir su acta de nacimiento donde se demuestra que es originario del Estado de M\u00e9xico.<\/p>\n","protected":false},"excerpt":{"rendered":"<p>Redacci\u00f3n\/Zona Roja. Oaxaca de Ju\u00e1rez, Oax., 23 de marzo de 2021.- Mientras Juan Carlos Garc\u00eda&hellip;<\/p>\n","protected":false},"author":2,"featured_media":24830,"comment_status":"closed","ping_status":"open","sticky":false,"template":"","format":"standard","meta":{"_lmt_disableupdate":"","_lmt_disable":"","_jetpack_memberships_contains_paid_content":false,"footnotes":""},"categories":[109,47],"tags":[2533],"class_list":["post-25059","post","type-post","status-publish","format-standard","has-post-thumbnail","hentry","category-minuto-a-minuto","category-zona-gris","tag-juan-carlos-garcia-marquez"],"jetpack_featured_media_url":"https:\/\/zonaroja.com.mx\/wp-content\/uploads\/2021\/03\/Juan-Carlos-Garcia-Marquez.jpg","jetpack_sharing_enabled":true,"_links":{"self":[{"href":"https:\/\/zonaroja.com.mx\/index.php?rest_route=\/wp\/v2\/posts\/25059","targetHints":{"allow":["GET"]}}],"collection":[{"href":"https:\/\/zonaroja.com.mx\/index.php?rest_route=\/wp\/v2\/posts"}],"about":[{"href":"https:\/\/zonaroja.com.mx\/index.php?rest_route=\/wp\/v2\/types\/post"}],"author":[{"embeddable":true,"href":"https:\/\/zonaroja.com.mx\/index.php?rest_route=\/wp\/v2\/users\/2"}],"replies":[{"embeddable":true,"href":"https:\/\/zonaroja.com.mx\/index.php?rest_route=%2Fwp%2Fv2%2Fcomments&post=25059"}],"version-history":[{"count":1,"href":"https:\/\/zonaroja.com.mx\/index.php?rest_route=\/wp\/v2\/posts\/25059\/revisions"}],"predecessor-version":[{"id":25060,"href":"https:\/\/zonaroja.com.mx\/index.php?rest_route=\/wp\/v2\/posts\/25059\/revisions\/25060"}],"wp:featuredmedia":[{"embeddable":true,"href":"https:\/\/zonaroja.com.mx\/index.php?rest_route=\/wp\/v2\/media\/24830"}],"wp:attachment":[{"href":"https:\/\/zonaroja.com.mx\/index.php?rest_route=%2Fwp%2Fv2%2Fmedia&parent=25059"}],"wp:term":[{"taxonomy":"category","embeddable":true,"href":"https:\/\/zonaroja.com.mx\/index.php?rest_route=%2Fwp%2Fv2%2Fcategories&post=25059"},{"taxonomy":"post_tag","embeddable":true,"href":"https:\/\/zonaroja.com.mx\/index.php?rest_route=%2Fwp%2Fv2%2Ftags&post=25059"}],"curies":[{"name":"wp","href":"https:\/\/api.w.org\/{rel}","templated":true}]}}