{"id":25061,"date":"2021-03-24T07:25:45","date_gmt":"2021-03-24T13:25:45","guid":{"rendered":"http:\/\/www.zonaroja.com.mx\/?p=25061"},"modified":"2021-03-24T07:25:48","modified_gmt":"2021-03-24T13:25:48","slug":"promueve-apo-especializacion-periodistica-para-mejorar-cobertura-del-covid","status":"publish","type":"post","link":"https:\/\/zonaroja.com.mx\/?p=25061","title":{"rendered":"Promueve APO especializaci\u00f3n period\u00edstica para mejorar cobertura del Covid"},"content":{"rendered":"\n<p>Redacci\u00f3n\/Zona Roja.<\/p>\n\n\n\n<p>Oaxaca de Ju\u00e1rez, Oax., 24 de marzo de 2021.- La Asociaci\u00f3n de Periodistas de Oaxaca (APO) arranc\u00f3 el segundo eje del programa de \u201cCapacitaci\u00f3n period\u00edstica sobre coberturas del Covid-19\u201d, con el inici\u00f3 del \u201cTaller de periodismo econ\u00f3mico\u201d, organizado con el Congreso del Estado y la Universidad Aut\u00f3noma \u201cBenito Ju\u00e1rez\u201d de Oaxaca (UABJO).<\/p>\n\n\n\n<p>A nombre de la asociaci\u00f3n civil, Jos\u00e9 Antonio Guti\u00e9rrez Sumano explic\u00f3 que el primer eje llamado \u201cCombatir la infodemia\u201d, inici\u00f3 con conferencias y presentaciones de libros, que presentan los procedimientos m\u00e1s recientes para combatir la desinformaci\u00f3n y noticias falsas en medios y redes sociales.<\/p>\n\n\n\n<p>Precis\u00f3 que a finales de enero, se realiz\u00f3 la conferencia \u201cVerificados: Herramientas contra la desinformaci\u00f3n\u201d, dictada por la maestra de la Universidad Aut\u00f3noma de Nuevo Le\u00f3n, Daniela Mendoza, y a mediados de febrero el maestro de la UNAM, Luis \u00c1ngel Hurtado Razo, present\u00f3 su libro \u201cFake News: El enemigo silencioso\u201d.<\/p>\n\n\n\n<p>Guti\u00e9rrez Sumano a\u00f1adi\u00f3 que el segundo eje del programa anual \u201cLa especializaci\u00f3n period\u00edstica\u201d, inici\u00f3 este mes con un ciclo de cuatro conferencias titulado \u201cUn a\u00f1o de explicar el Covid-19\u201d, el cual est\u00e1 enfocado a la comunicaci\u00f3n social de la ciencia y las emergencias sanitarias en el pa\u00eds.<\/p>\n\n\n\n<p>En tanto, la segunda especializaci\u00f3n period\u00edstica, arranc\u00f3 el viernes pasado con el primero de siete m\u00f3dulos del \u201cTaller de periodismo econ\u00f3mico\u201d, organizado con el Congreso del Estado y la Universidad Aut\u00f3noma \u201cBenito Ju\u00e1rez\u201d de Oaxaca (UABJO).<\/p>\n\n\n\n<p>Subray\u00f3 que las actividades desarrolladas en los dos \u00faltimos meses, contaron con la colaboraci\u00f3n de la Asociaci\u00f3n de Periodistas de Nuevo Le\u00f3n, la Uni\u00f3n de Periodistas de Informaci\u00f3n Deportiva de Oaxaca (UPI) y la Benem\u00e9rita Universidad de Oaxaca (BUO).<\/p>\n\n\n\n<p>Tambi\u00e9n la 64 Legislatura del Congreso del Estado, a trav\u00e9s de sus direcciones de Comunicaci\u00f3n Socia y del Centro de Estudios Econ\u00f3micos y Finanzas P\u00fablicas, adem\u00e1s del Instituto de Acceso de la Informaci\u00f3n P\u00fablica y Protecci\u00f3n de Datos Personales de Oaxaca (IAIPO).<\/p>\n\n\n\n<p>Guti\u00e9rrez Sumano se\u00f1al\u00f3 que tambi\u00e9n colaboran medios de comunicaci\u00f3n como la Corporaci\u00f3n Oaxaque\u00f1a de Radio y Televisi\u00f3n (CORTV), Radio Universidad, Canal de Medios, as\u00ed como el Sindicato Nacional de Trabajadores de la Industria de la Radio y Televisi\u00f3n (STIRT) y la Casa Productora Meraki.<\/p>\n","protected":false},"excerpt":{"rendered":"<p>Redacci\u00f3n\/Zona Roja. Oaxaca de Ju\u00e1rez, Oax., 24 de marzo de 2021.- La Asociaci\u00f3n de Periodistas&hellip;<\/p>\n","protected":false},"author":2,"featured_media":15596,"comment_status":"closed","ping_status":"open","sticky":false,"template":"","format":"standard","meta":{"_lmt_disableupdate":"","_lmt_disable":"","_jetpack_memberships_contains_paid_content":false,"footnotes":""},"categories":[109,46],"tags":[1041],"class_list":["post-25061","post","type-post","status-publish","format-standard","has-post-thumbnail","hentry","category-minuto-a-minuto","category-zona-blanca","tag-asociacion-de-periodistas-de-oaxaca-apo"],"jetpack_featured_media_url":"https:\/\/zonaroja.com.mx\/wp-content\/uploads\/2020\/07\/Asociaci\u00f3n-de-Periodistas-de-Oaxaca.jpg","jetpack_sharing_enabled":true,"_links":{"self":[{"href":"https:\/\/zonaroja.com.mx\/index.php?rest_route=\/wp\/v2\/posts\/25061","targetHints":{"allow":["GET"]}}],"collection":[{"href":"https:\/\/zonaroja.com.mx\/index.php?rest_route=\/wp\/v2\/posts"}],"about":[{"href":"https:\/\/zonaroja.com.mx\/index.php?rest_route=\/wp\/v2\/types\/post"}],"author":[{"embeddable":true,"href":"https:\/\/zonaroja.com.mx\/index.php?rest_route=\/wp\/v2\/users\/2"}],"replies":[{"embeddable":true,"href":"https:\/\/zonaroja.com.mx\/index.php?rest_route=%2Fwp%2Fv2%2Fcomments&post=25061"}],"version-history":[{"count":1,"href":"https:\/\/zonaroja.com.mx\/index.php?rest_route=\/wp\/v2\/posts\/25061\/revisions"}],"predecessor-version":[{"id":25062,"href":"https:\/\/zonaroja.com.mx\/index.php?rest_route=\/wp\/v2\/posts\/25061\/revisions\/25062"}],"wp:featuredmedia":[{"embeddable":true,"href":"https:\/\/zonaroja.com.mx\/index.php?rest_route=\/wp\/v2\/media\/15596"}],"wp:attachment":[{"href":"https:\/\/zonaroja.com.mx\/index.php?rest_route=%2Fwp%2Fv2%2Fmedia&parent=25061"}],"wp:term":[{"taxonomy":"category","embeddable":true,"href":"https:\/\/zonaroja.com.mx\/index.php?rest_route=%2Fwp%2Fv2%2Fcategories&post=25061"},{"taxonomy":"post_tag","embeddable":true,"href":"https:\/\/zonaroja.com.mx\/index.php?rest_route=%2Fwp%2Fv2%2Ftags&post=25061"}],"curies":[{"name":"wp","href":"https:\/\/api.w.org\/{rel}","templated":true}]}}