{"id":25063,"date":"2021-03-24T07:46:29","date_gmt":"2021-03-24T13:46:29","guid":{"rendered":"http:\/\/www.zonaroja.com.mx\/?p=25063"},"modified":"2021-03-24T07:46:31","modified_gmt":"2021-03-24T13:46:31","slug":"otro-feminicidio-en-oaxaca-ahora-en-juchitan-de-zaragoza","status":"publish","type":"post","link":"https:\/\/zonaroja.com.mx\/?p=25063","title":{"rendered":"Otro feminicidio en Oaxaca: ahora en Juchit\u00e1n de Zaragoza"},"content":{"rendered":"\n<p>Redacci\u00f3n\/Zona Roja. Foto: CMM Informativo<\/p>\n\n\n\n<p>Oaxaca de Ju\u00e1rez, Oax., 24 de marzo de 2021.- Una mujer fue atacada a balazos la ma\u00f1ana de este mi\u00e9rcoles en Juchit\u00e1n de Zaragoza, municipio de la regi\u00f3n del Istmo de Oaxaca, y falleci\u00f3 posteriormente en un hospital.<\/p>\n\n\n\n<p>La v\u00edctima identificada como Remedios N., de aproximadamente 50 a\u00f1os de edad, fue agredida por sujetos desconocidos en la calle Guadalupe Victoria; sus familiares la trasladaron al hospital \u201cDr. Macedonio Ben\u00edtez Fuentes\u201d, donde perdi\u00f3 la vida.<\/p>\n\n\n\n<p>En otro hecho distinto, tambi\u00e9n en Juchit\u00e1n, otra mujer fue asaltada por un mototaxista, en el interior de la unidad, y tras ello arrojada con la unidad en movimiento; se dirig\u00eda a la colonia Los Pinos. Fue trasladada a un hospital para su atenci\u00f3n m\u00e9dica.<\/p>\n\n\n\n<p>En tanto que cerca de la media noche de ayer, en el Centro Hist\u00f3rico de la ciudad de Oaxaca, una mujer fue lesionada con arma blanca.<\/p>\n\n\n\n<p>Los hechos sucedieron en el interior de un bar, en la calle Miguel Cabrera, a unas cuatro cuadras al sur del z\u00f3calo; la v\u00edctima fue trasladada al Hospital Civil \u201cDr. Aurelio Valdivieso\u201d.<\/p>\n\n\n\n<p>EN PINOTEPA<\/p>\n\n\n\n<p>Por otra parte, en Santiago Pinotepa Nacional, municipio de la regi\u00f3n de la Costa, un individuo fue asesinado en el exterior de un bar, ubicado en la calle 6 Sur esquina con 9 Oriente, del barrio Yutacu, conocido tambi\u00e9n como Chico.<\/p>\n\n\n\n<p>La v\u00edctima fue identificada con las iniciales M. C. V., de 31 a\u00f1os de edad, y hasta el momento se desconocen el m\u00f3vil y la identidad de los atacantes.<\/p>\n","protected":false},"excerpt":{"rendered":"<p>Redacci\u00f3n\/Zona Roja. Foto: CMM Informativo Oaxaca de Ju\u00e1rez, Oax., 24 de marzo de 2021.- Una&hellip;<\/p>\n","protected":false},"author":2,"featured_media":25064,"comment_status":"closed","ping_status":"open","sticky":false,"template":"","format":"standard","meta":{"_lmt_disableupdate":"","_lmt_disable":"","_jetpack_memberships_contains_paid_content":false,"footnotes":""},"categories":[109,51],"tags":[123],"class_list":["post-25063","post","type-post","status-publish","format-standard","has-post-thumbnail","hentry","category-minuto-a-minuto","category-zona-roja","tag-juchitan-de-zaragoza"],"jetpack_featured_media_url":"https:\/\/zonaroja.com.mx\/wp-content\/uploads\/2021\/03\/Asesinado-Pinotepa.png","jetpack_sharing_enabled":true,"_links":{"self":[{"href":"https:\/\/zonaroja.com.mx\/index.php?rest_route=\/wp\/v2\/posts\/25063","targetHints":{"allow":["GET"]}}],"collection":[{"href":"https:\/\/zonaroja.com.mx\/index.php?rest_route=\/wp\/v2\/posts"}],"about":[{"href":"https:\/\/zonaroja.com.mx\/index.php?rest_route=\/wp\/v2\/types\/post"}],"author":[{"embeddable":true,"href":"https:\/\/zonaroja.com.mx\/index.php?rest_route=\/wp\/v2\/users\/2"}],"replies":[{"embeddable":true,"href":"https:\/\/zonaroja.com.mx\/index.php?rest_route=%2Fwp%2Fv2%2Fcomments&post=25063"}],"version-history":[{"count":1,"href":"https:\/\/zonaroja.com.mx\/index.php?rest_route=\/wp\/v2\/posts\/25063\/revisions"}],"predecessor-version":[{"id":25065,"href":"https:\/\/zonaroja.com.mx\/index.php?rest_route=\/wp\/v2\/posts\/25063\/revisions\/25065"}],"wp:featuredmedia":[{"embeddable":true,"href":"https:\/\/zonaroja.com.mx\/index.php?rest_route=\/wp\/v2\/media\/25064"}],"wp:attachment":[{"href":"https:\/\/zonaroja.com.mx\/index.php?rest_route=%2Fwp%2Fv2%2Fmedia&parent=25063"}],"wp:term":[{"taxonomy":"category","embeddable":true,"href":"https:\/\/zonaroja.com.mx\/index.php?rest_route=%2Fwp%2Fv2%2Fcategories&post=25063"},{"taxonomy":"post_tag","embeddable":true,"href":"https:\/\/zonaroja.com.mx\/index.php?rest_route=%2Fwp%2Fv2%2Ftags&post=25063"}],"curies":[{"name":"wp","href":"https:\/\/api.w.org\/{rel}","templated":true}]}}