{"id":25068,"date":"2021-03-24T08:13:27","date_gmt":"2021-03-24T14:13:27","guid":{"rendered":"http:\/\/www.zonaroja.com.mx\/?p=25068"},"modified":"2021-03-24T08:13:29","modified_gmt":"2021-03-24T14:13:29","slug":"eurodiputados-cuestionan-sobre-asesinato-del-defensor-fidel-heras-cruz","status":"publish","type":"post","link":"https:\/\/zonaroja.com.mx\/?p=25068","title":{"rendered":"Eurodiputados cuestionan sobre asesinato del defensor Fidel Heras Cruz"},"content":{"rendered":"\n<p>Yuridiana Sosa\/Zona Roja. Ilustraci\u00f3n: Educa<\/p>\n\n\n\n<p>Oaxaca de Ju\u00e1rez, Oax., 24 de marzo de 2021.- A dos meses del asesinato del defensor comunitario Fidel Heras Cruz, en el municipio de Santiago Jamiltepec, en la regi\u00f3n de la Costa, el caso sigue impune a pesar de las exigencias de distintos organismos nacionales e internacionales para que el gobierno mexicano investigue, aprehenda a los responsables y haga justicia.<\/p>\n\n\n\n<p>Recientemente, integrantes parlamentarios de la Euroc\u00e1mara cuestionaron al poder ejecutivo de la Uni\u00f3n Europea sobre su seguimiento en el caso del asesinato del defensor del r\u00edo \u201cVerde\u201d en la comunidad de Paso de la Reyna, Oaxaca, M\u00e9xico.<\/p>\n\n\n\n<p>Con anterioridad, la delegaci\u00f3n de la Uni\u00f3n Europea conden\u00f3 el hecho violento, por lo que retomaron el caso ante el vicepresidente de la Comisi\u00f3n, Alto representante de la Uni\u00f3n para Asuntos Exteriores y Pol\u00edtica de Seguridad.<\/p>\n\n\n\n<p>Durante la intervenci\u00f3n de los eurodiputados se dijo que \u201cEl delito se cometi\u00f3 en Oaxaca, uno de los Estados mexicanos m\u00e1s peligrosos para los defensores de la tierra y el territorio y en el que seis de ellos fueron asesinados en 2019\u201d.<\/p>\n\n\n\n<p>Los planteamientos realizados fueron \u201c\u00bfVa a plantear este asunto la Delegaci\u00f3n de la UE a las autoridades mexicanas a nivel federal y estatal con car\u00e1cter urgente?\u201d y \u201c\u00bfTiene previsto la Delegaci\u00f3n de la UE visitar Oaxaca, en persona o virtualmente, para reunirse con las ONG que trabajan en cuestiones relacionadas con la tierra y el territorio?\u201d.<\/p>\n\n\n\n<p>Pues numerosos actores internacionales, entre ellos la Delegaci\u00f3n de la UE, han condenado p\u00fablicamente este delito y han pedido que se lleve a cabo una investigaci\u00f3n r\u00e1pida y transparente.<\/p>\n\n\n\n<p>En enero, ante el asesinato de Heras Cruz, se emiti\u00f3 una declaraci\u00f3n local de la Uni\u00f3n Europea, Noruega y Suiza.<\/p>\n\n\n\n<p>\u201cEl Sr. Heras Cruz era un reconocido activista ambiental y hab\u00eda participado en actividades para controlar la extracci\u00f3n de material p\u00e9treo en la zona del R\u00edo Verde. El Sr. Heras Cruz hab\u00eda recibido amenazas vinculadas a su trabajo en m\u00faltiples ocasiones\u201d, se manifest\u00f3 en el escrito en aquella ocasi\u00f3n.<\/p>\n\n\n\n<p>La declaratoria tambi\u00e9n emiti\u00f3 un llamado a las autoridades mexicanas a hacer uso de todos los medios a su alcance para garantizar la protecci\u00f3n de todas las personas que defienden el medio ambiente y los derechos humanos en M\u00e9xico y que el asesinato de Fidel Heras no quede impune.<\/p>\n\n\n\n<p>Hasta el momento, la Fiscal\u00eda General del Estado de Oaxaca, con su nuevo titular Arturo de Jes\u00fas Peimbert Calvo, no ha dado ninguna respuesta ni atenci\u00f3n al respecto.<\/p>\n","protected":false},"excerpt":{"rendered":"<p>Yuridiana Sosa\/Zona Roja. Ilustraci\u00f3n: Educa Oaxaca de Ju\u00e1rez, Oax., 24 de marzo de 2021.- A&hellip;<\/p>\n","protected":false},"author":2,"featured_media":25069,"comment_status":"closed","ping_status":"open","sticky":false,"template":"","format":"standard","meta":{"_lmt_disableupdate":"","_lmt_disable":"","_jetpack_memberships_contains_paid_content":false,"footnotes":""},"categories":[109,47],"tags":[2398],"class_list":["post-25068","post","type-post","status-publish","format-standard","has-post-thumbnail","hentry","category-minuto-a-minuto","category-zona-gris","tag-fidel-heras-cruz"],"jetpack_featured_media_url":"https:\/\/zonaroja.com.mx\/wp-content\/uploads\/2021\/03\/Fidel-Heras-Cruz.jpg","jetpack_sharing_enabled":true,"_links":{"self":[{"href":"https:\/\/zonaroja.com.mx\/index.php?rest_route=\/wp\/v2\/posts\/25068","targetHints":{"allow":["GET"]}}],"collection":[{"href":"https:\/\/zonaroja.com.mx\/index.php?rest_route=\/wp\/v2\/posts"}],"about":[{"href":"https:\/\/zonaroja.com.mx\/index.php?rest_route=\/wp\/v2\/types\/post"}],"author":[{"embeddable":true,"href":"https:\/\/zonaroja.com.mx\/index.php?rest_route=\/wp\/v2\/users\/2"}],"replies":[{"embeddable":true,"href":"https:\/\/zonaroja.com.mx\/index.php?rest_route=%2Fwp%2Fv2%2Fcomments&post=25068"}],"version-history":[{"count":1,"href":"https:\/\/zonaroja.com.mx\/index.php?rest_route=\/wp\/v2\/posts\/25068\/revisions"}],"predecessor-version":[{"id":25070,"href":"https:\/\/zonaroja.com.mx\/index.php?rest_route=\/wp\/v2\/posts\/25068\/revisions\/25070"}],"wp:featuredmedia":[{"embeddable":true,"href":"https:\/\/zonaroja.com.mx\/index.php?rest_route=\/wp\/v2\/media\/25069"}],"wp:attachment":[{"href":"https:\/\/zonaroja.com.mx\/index.php?rest_route=%2Fwp%2Fv2%2Fmedia&parent=25068"}],"wp:term":[{"taxonomy":"category","embeddable":true,"href":"https:\/\/zonaroja.com.mx\/index.php?rest_route=%2Fwp%2Fv2%2Fcategories&post=25068"},{"taxonomy":"post_tag","embeddable":true,"href":"https:\/\/zonaroja.com.mx\/index.php?rest_route=%2Fwp%2Fv2%2Ftags&post=25068"}],"curies":[{"name":"wp","href":"https:\/\/api.w.org\/{rel}","templated":true}]}}