{"id":25074,"date":"2021-03-24T08:20:37","date_gmt":"2021-03-24T14:20:37","guid":{"rendered":"http:\/\/www.zonaroja.com.mx\/?p=25074"},"modified":"2021-03-24T08:20:39","modified_gmt":"2021-03-24T14:20:39","slug":"aumento-desercion-escolar-en-el-ciclo-escolar-pasado-a-causa-del-covid-19","status":"publish","type":"post","link":"https:\/\/zonaroja.com.mx\/?p=25074","title":{"rendered":"Aument\u00f3 deserci\u00f3n escolar en el ciclo escolar pasado a causa del Covid-19&nbsp;"},"content":{"rendered":"\n<p>Evlin Arag\u00f3n\/Zona Roja.<\/p>\n\n\n\n<p>Oaxaca de Ju\u00e1rez, Oax., 24 de marzo de 2021.- M\u00e1s del 50 por ciento de la deserci\u00f3n escolar registrada en M\u00e9xico en el marco del ciclo escolar 2019-2020, se debi\u00f3 a causas relacionadas con la pandemia de Covid-19, el resto a la falta de dinero o recursos por parte de sus tutores.&nbsp;<\/p>\n\n\n\n<p>Cifras oficiales revelan que 5.2 millones de ni\u00f1os y ni\u00f1as dejaron de estudiar a causa de la pandemia y por la falta de recursos econ\u00f3micos para acceder a las nuevas tecnolog\u00edas, de acuerdo con la informaci\u00f3n compartida por el Instituto Nacional de Estad\u00edstica y Geograf\u00eda (INEGI).<\/p>\n\n\n\n<p>En primer t\u00e9rmino, son poco m\u00e1s de 430 mil ni\u00f1as, ni\u00f1os y j\u00f3venes, de entre 2 y 29 a\u00f1os de edad, que no concluyeron su formaci\u00f3n educativa debido a la contingencia sanitaria decretada por las autoridades en marzo del 2020.<\/p>\n\n\n\n<p>En su m\u00e1s reciente Encuesta para la Medici\u00f3n del Impacto Covid-19 en la Educaci\u00f3n (Ecovid-ED) 2020 explican que lo principales motivos de deserci\u00f3n escolar en torno a la pandemia fueron: perdi\u00f3 el contacto de sus maestros o no pudo hacer las tareas; alguien de la vivienda se qued\u00f3 sin trabajo o e redujeron sus ingresos; la escuela cerr\u00f3 definitivamente.&nbsp;&nbsp;<\/p>\n\n\n\n<p>As\u00ed mismo: carec\u00eda de computadora, otro dispositivo o de conexi\u00f3n a internet; la escuela cerr\u00f3 temporalmente; considera que las clases a distancias son poco funcionales para el aprendizaje; el padre, madre o tutor no pudo estar al pendiente.&nbsp;<\/p>\n\n\n\n<p>La falta de recursos econ\u00f3micos tambi\u00e9n contribuy\u00f3 a la deserci\u00f3n escolar, toda vez que, en el 28 por ciento de las viviendas, con estudiantes en activo, se hizo un gasto adicional para comprar tel\u00e9fonos inteligentes; en 26.4 por ciento para contratar servicio de internet fijo; y en 20.9 por ciento para adquirir mobiliario como sillas, mesas, escritorios o adecuar espacio para el estudio.<\/p>\n\n\n\n<p>La pandemia tambi\u00e9n afect\u00f3 en torno al n\u00famero de estudiantes que ya no volvi\u00f3 a las aulas en el ciclo escolar 2020-2021, ya que la encuesta arroja que 2.3 millones de personas entre 3 y 29 a\u00f1os no est\u00e1n inscritas en el ciclo escolar vigente por motivos asociados directamente a la pandemia por la Covid-19 y 2.9 millones, por falta de dinero o recursos.<\/p>\n\n\n\n<p>\u201cEl alumnado entre 3 y 29 a\u00f1os que s\u00ed estuvo inscrito en el ciclo escolar 2019-2020 pero que no continu\u00f3 o desert\u00f3 del sistema educativo en el ciclo escolar 2020-2021 debido a la pandemia por la Covid-19 o debido a la falta de recursos econ\u00f3micos fue de 1.8 millones; la mayor\u00eda fue de escuelas p\u00fablicas con 1.5 millones en comparaci\u00f3n con 243 mil de escuelas privadas\u201d refiere el documento.&nbsp;<\/p>\n\n\n\n<p>Las principales causas por las que no se inscribieron son: que las clases a distancia son poco funcionales para el aprendizaje; que alguno de sus padres o tutores se quedaron sin trabajo; o carecen de computadora, otros dispositivos o conexi\u00f3n de internet.&nbsp;<\/p>\n\n\n\n<p>De acuerdo con la encuesta m\u00e1s de la mitad de la poblaci\u00f3n de 3 a 29 a\u00f1os de edad tiene mucha disponibilidad para asistir a clases presenciales una vez que el gobierno lo permita.&nbsp;<\/p>\n","protected":false},"excerpt":{"rendered":"<p>Evlin Arag\u00f3n\/Zona Roja. Oaxaca de Ju\u00e1rez, Oax., 24 de marzo de 2021.- M\u00e1s del 50&hellip;<\/p>\n","protected":false},"author":2,"featured_media":4471,"comment_status":"closed","ping_status":"open","sticky":false,"template":"","format":"standard","meta":{"_lmt_disableupdate":"","_lmt_disable":"","_jetpack_memberships_contains_paid_content":false,"footnotes":""},"categories":[109,47],"tags":[1331],"class_list":["post-25074","post","type-post","status-publish","format-standard","has-post-thumbnail","hentry","category-minuto-a-minuto","category-zona-gris","tag-instituto-nacional-de-geografia-y-estadistica-inegi"],"jetpack_featured_media_url":"https:\/\/zonaroja.com.mx\/wp-content\/uploads\/2019\/10\/Sal\u00f3n-de-clases.jpg","jetpack_sharing_enabled":true,"_links":{"self":[{"href":"https:\/\/zonaroja.com.mx\/index.php?rest_route=\/wp\/v2\/posts\/25074","targetHints":{"allow":["GET"]}}],"collection":[{"href":"https:\/\/zonaroja.com.mx\/index.php?rest_route=\/wp\/v2\/posts"}],"about":[{"href":"https:\/\/zonaroja.com.mx\/index.php?rest_route=\/wp\/v2\/types\/post"}],"author":[{"embeddable":true,"href":"https:\/\/zonaroja.com.mx\/index.php?rest_route=\/wp\/v2\/users\/2"}],"replies":[{"embeddable":true,"href":"https:\/\/zonaroja.com.mx\/index.php?rest_route=%2Fwp%2Fv2%2Fcomments&post=25074"}],"version-history":[{"count":1,"href":"https:\/\/zonaroja.com.mx\/index.php?rest_route=\/wp\/v2\/posts\/25074\/revisions"}],"predecessor-version":[{"id":25075,"href":"https:\/\/zonaroja.com.mx\/index.php?rest_route=\/wp\/v2\/posts\/25074\/revisions\/25075"}],"wp:featuredmedia":[{"embeddable":true,"href":"https:\/\/zonaroja.com.mx\/index.php?rest_route=\/wp\/v2\/media\/4471"}],"wp:attachment":[{"href":"https:\/\/zonaroja.com.mx\/index.php?rest_route=%2Fwp%2Fv2%2Fmedia&parent=25074"}],"wp:term":[{"taxonomy":"category","embeddable":true,"href":"https:\/\/zonaroja.com.mx\/index.php?rest_route=%2Fwp%2Fv2%2Fcategories&post=25074"},{"taxonomy":"post_tag","embeddable":true,"href":"https:\/\/zonaroja.com.mx\/index.php?rest_route=%2Fwp%2Fv2%2Ftags&post=25074"}],"curies":[{"name":"wp","href":"https:\/\/api.w.org\/{rel}","templated":true}]}}