{"id":25076,"date":"2021-03-24T17:01:30","date_gmt":"2021-03-24T23:01:30","guid":{"rendered":"http:\/\/www.zonaroja.com.mx\/?p=25076"},"modified":"2021-03-24T17:01:34","modified_gmt":"2021-03-24T23:01:34","slug":"nuevo-fiscal-arturo-peimbert-mas-de-lo-mismo-dejo-plantado-a-organizaciones","status":"publish","type":"post","link":"https:\/\/zonaroja.com.mx\/?p=25076","title":{"rendered":"Nuevo fiscal Arturo Peimbert, \u201cm\u00e1s de lo mismo\u201d; dej\u00f3 \u201cplantado\u201d a organizaciones"},"content":{"rendered":"\n<p>Yuridiana Sosa\/Zona Roja.<\/p>\n\n\n\n<p>Oaxaca de Ju\u00e1rez, Oax., 24 de marzo de 2021.- El Frente Popular Revolucionario (FPR) y una docena de organizaciones que integran la Red de Estatal de V\u00edctimas de Oaxaca, protestaron en las oficinas de la Fiscal\u00eda General de Oaxaca, en San Antonio de la Cal, para exigir justicia por los cr\u00edmenes contra l\u00edderes sociales, desapariciones forzadas y presos pol\u00edticos.<\/p>\n\n\n\n<p>A una semana que Peimbert Calvo rindi\u00f3 protesta como fiscal, el FPR demand\u00f3 al nuevo titular esclarecer el crimen de su l\u00edder regional Tom\u00e1s Mart\u00ednez, pues a siete meses de su asesinato el caso sigue impune a pesar que hay dos detenidos.<\/p>\n\n\n\n<p>\u201cDebe mostrar capacidad y resultados inmediatos, para nosotros es claro que la \u00fanica forma de llegar a la justicia es a trav\u00e9s de la organizaci\u00f3n y movilizaci\u00f3n\u201d, se\u00f1al\u00f3 el dirigente estatal del FRP, Macario Otalo Padilla.<\/p>\n\n\n\n<p>Para las organizaciones sociales la llegada de Peimbert Calvo, ex ombudsman de Oaxaca, no es garant\u00eda de justicia, pues a su salida de la Defensor\u00eda de los Derechos Humanos del Pueblo de Oaxaca (DDHPO) dej\u00f3 un estado de incongruencia.<\/p>\n\n\n\n<figure class=\"wp-block-embed-twitter wp-block-embed is-type-rich is-provider-twitter\"><div class=\"wp-block-embed__wrapper\">\n<div class=\"twitter-tweet\"><blockquote class=\"twitter-tweet\" data-lang=\"es\"><p lang=\"es\" dir=\"ltr\"><a href=\"https:\/\/twitter.com\/hashtag\/%C3%9AltimoMinuto?src=hash&amp;ref_src=twsrc%5Etfw\">#\u00daltimoMinuto<\/a> <br>El nuevo titular de la <a href=\"https:\/\/twitter.com\/FISCALIA_GobOax?ref_src=twsrc%5Etfw\">@FISCALIA_GobOax<\/a>, <a href=\"https:\/\/twitter.com\/PeimbertArturo?ref_src=twsrc%5Etfw\">@PeimbertArturo<\/a>, \u201ces m\u00e1s de lo mismo\u201d, dicen organizaciones sociales, como el <a href=\"https:\/\/twitter.com\/FPR_OAXACA?ref_src=twsrc%5Etfw\">@FPR_OAXACA<\/a> y el Comit\u00e9 de V\u00edctimas de Nochixtl\u00e1n. <br>Les hab\u00eda dado cita para hoy pero les cancel\u00f3; si no atiende el viernes, arreciar\u00e1n protestas. <a href=\"https:\/\/t.co\/4iJrF33wSC\">pic.twitter.com\/4iJrF33wSC<\/a><\/p>&mdash; Zona Roja Oaxaca (@Zona_Roja_Oax) <a href=\"https:\/\/twitter.com\/Zona_Roja_Oax\/status\/1374806031851732998?ref_src=twsrc%5Etfw\">24 de marzo de 2021<\/a><\/blockquote><\/div>\n<\/div><\/figure>\n\n\n\n<p>\u201cCualquier personaje por m\u00e1s loable que sean sus intenciones, estar\u00e1 supeditado a los intereses del r\u00e9gimen, y lo que menos se quiere es que se esclarezcan los cr\u00edmenes de los l\u00edderes sociales\u201d, manifest\u00f3.<\/p>\n\n\n\n<p>Para los inconformes, Peimbert Calvo ya dio muestra de indiferencia para la atenci\u00f3n de las demandas sociales, al suspender la primera reuni\u00f3n que sostendr\u00e1n este mi\u00e9rcoles, la cual fue acordada desde el s\u00e1bado pasado.<\/p>\n\n\n\n<p>De volver a posponerse el encuentro reprogramado para el viernes, los l\u00edderes de 12 organizaciones amagaron con realizar una nueva movilizaci\u00f3n en inconformidad, dijo a su vez Santiago Ambrosio, dirigente del Comit\u00e9 de V\u00edctimas de Nochixtl\u00e1n, quien lament\u00f3 tambi\u00e9n que Arturo Peimbert est\u00e9 cancelando las reuniones que para ellos son vitales a fin de atender la problem\u00e1tica de la violencia y la impunidad.<\/p>\n\n\n\n<figure class=\"wp-block-embed-twitter wp-block-embed is-type-rich is-provider-twitter\"><div class=\"wp-block-embed__wrapper\">\n<div class=\"twitter-tweet\"><blockquote class=\"twitter-tweet\" data-lang=\"es\"><p lang=\"es\" dir=\"ltr\"><a href=\"https:\/\/twitter.com\/hashtag\/%C3%9AltimoMinuto?src=hash&amp;ref_src=twsrc%5Etfw\">#\u00daltimoMinuto<\/a> <br>El nuevo titular de la <a href=\"https:\/\/twitter.com\/FISCALIA_GobOax?ref_src=twsrc%5Etfw\">@FISCALIA_GobOax<\/a>, <a href=\"https:\/\/twitter.com\/PeimbertArturo?ref_src=twsrc%5Etfw\">@PeimbertArturo<\/a>, \u201ces m\u00e1s de lo mismo\u201d, dicen organizaciones sociales, como el <a href=\"https:\/\/twitter.com\/FPR_OAXACA?ref_src=twsrc%5Etfw\">@FPR_OAXACA<\/a> y el Comit\u00e9 de V\u00edctimas de Nochixtl\u00e1n. <br>Les hab\u00eda dado cita para hoy pero les cancel\u00f3; si no atiende el viernes, arreciar\u00e1n protestas. <a href=\"https:\/\/t.co\/4iJrF33wSC\">pic.twitter.com\/4iJrF33wSC<\/a><\/p>&mdash; Zona Roja Oaxaca (@Zona_Roja_Oax) <a href=\"https:\/\/twitter.com\/Zona_Roja_Oax\/status\/1374806031851732998?ref_src=twsrc%5Etfw\">24 de marzo de 2021<\/a><\/blockquote><\/div>\n<\/div><\/figure>\n","protected":false},"excerpt":{"rendered":"<p>Yuridiana Sosa\/Zona Roja. Oaxaca de Ju\u00e1rez, Oax., 24 de marzo de 2021.- El Frente Popular&hellip;<\/p>\n","protected":false},"author":2,"featured_media":25077,"comment_status":"closed","ping_status":"open","sticky":false,"template":"","format":"standard","meta":{"_lmt_disableupdate":"","_lmt_disable":"","_jetpack_memberships_contains_paid_content":false,"footnotes":""},"categories":[109,47],"tags":[494,1687],"class_list":["post-25076","post","type-post","status-publish","format-standard","has-post-thumbnail","hentry","category-minuto-a-minuto","category-zona-gris","tag-fiscalia-general-del-estado-de-oaxaca","tag-frente-popular-revolucionario-fpr"],"jetpack_featured_media_url":"https:\/\/zonaroja.com.mx\/wp-content\/uploads\/2021\/03\/Protesta-FPR-y-organizaciones.jpg","jetpack_sharing_enabled":true,"_links":{"self":[{"href":"https:\/\/zonaroja.com.mx\/index.php?rest_route=\/wp\/v2\/posts\/25076","targetHints":{"allow":["GET"]}}],"collection":[{"href":"https:\/\/zonaroja.com.mx\/index.php?rest_route=\/wp\/v2\/posts"}],"about":[{"href":"https:\/\/zonaroja.com.mx\/index.php?rest_route=\/wp\/v2\/types\/post"}],"author":[{"embeddable":true,"href":"https:\/\/zonaroja.com.mx\/index.php?rest_route=\/wp\/v2\/users\/2"}],"replies":[{"embeddable":true,"href":"https:\/\/zonaroja.com.mx\/index.php?rest_route=%2Fwp%2Fv2%2Fcomments&post=25076"}],"version-history":[{"count":1,"href":"https:\/\/zonaroja.com.mx\/index.php?rest_route=\/wp\/v2\/posts\/25076\/revisions"}],"predecessor-version":[{"id":25078,"href":"https:\/\/zonaroja.com.mx\/index.php?rest_route=\/wp\/v2\/posts\/25076\/revisions\/25078"}],"wp:featuredmedia":[{"embeddable":true,"href":"https:\/\/zonaroja.com.mx\/index.php?rest_route=\/wp\/v2\/media\/25077"}],"wp:attachment":[{"href":"https:\/\/zonaroja.com.mx\/index.php?rest_route=%2Fwp%2Fv2%2Fmedia&parent=25076"}],"wp:term":[{"taxonomy":"category","embeddable":true,"href":"https:\/\/zonaroja.com.mx\/index.php?rest_route=%2Fwp%2Fv2%2Fcategories&post=25076"},{"taxonomy":"post_tag","embeddable":true,"href":"https:\/\/zonaroja.com.mx\/index.php?rest_route=%2Fwp%2Fv2%2Ftags&post=25076"}],"curies":[{"name":"wp","href":"https:\/\/api.w.org\/{rel}","templated":true}]}}