{"id":25082,"date":"2021-03-24T19:01:16","date_gmt":"2021-03-25T01:01:16","guid":{"rendered":"http:\/\/www.zonaroja.com.mx\/?p=25082"},"modified":"2021-03-24T19:01:20","modified_gmt":"2021-03-25T01:01:20","slug":"aprueba-congreso-iniciativa-de-morena-para-que-gobernador-atienda-a-policias","status":"publish","type":"post","link":"https:\/\/zonaroja.com.mx\/?p=25082","title":{"rendered":"Aprueba Congreso iniciativa de Morena para que gobernador atienda a polic\u00edas"},"content":{"rendered":"\n<p>Yuridiana Sosa\/Zona Roja.<\/p>\n\n\n\n<p>Oaxaca de Ju\u00e1rez, Oax., 24 de marzo de 2021.- El pleno de la 64 Legislatura del Congreso de Oaxaca aprob\u00f3 una propuesta de la fracci\u00f3n parlamentaria de Morena para exhortar al gobernador Alejandro Murat Hinojosa garantice los derechos laborales de los elementos que integran las corporaciones policiales en la entidad.<\/p>\n\n\n\n<p>En la sesi\u00f3n ordinaria de este mi\u00e9rcoles, los legisladores apostaron para que el Gobierno del Estado, en su calidad de empleador, cumpla con los elementos de la Polic\u00eda Estatal, que este mi\u00e9rcoles cumplieron seis d\u00edas en paro en busca de mejoras laborales.<\/p>\n\n\n\n<p>Cumplir con los elementos de las distintas fuerzas policiales en el estado tambi\u00e9n garantiza a la poblaci\u00f3n su pleno derecho a la seguridad p\u00fablica, indic\u00f3 el diputado Horacio Sosa Villavicencio, quien ley\u00f3 la propuesta.<\/p>\n\n\n\n<p>En su exposici\u00f3n de motivos para la aprobaci\u00f3n del exhorto, el legislador por Morena present\u00f3 algunas peticiones que los elementos en protesta realizan al gobierno del estado, todas, dijo, en busca de mejoras que impactan en el bienestar de sus familias.<\/p>\n\n\n\n<figure class=\"wp-block-embed-twitter wp-block-embed is-type-rich is-provider-twitter\"><div class=\"wp-block-embed__wrapper\">\n<div class=\"twitter-tweet\"><blockquote class=\"twitter-tweet\" data-lang=\"es\"><p lang=\"es\" dir=\"ltr\"><a href=\"https:\/\/twitter.com\/hashtag\/%C3%9AltimoMinuto?src=hash&amp;ref_src=twsrc%5Etfw\">#\u00daltimoMinuto<\/a> <br>A propuesta de la fracci\u00f3n parlamentaria de <a href=\"https:\/\/twitter.com\/hashtag\/Morena?src=hash&amp;ref_src=twsrc%5Etfw\">#Morena<\/a>, en voz de <a href=\"https:\/\/twitter.com\/HoracioSosaOax?ref_src=twsrc%5Etfw\">@HoracioSosaOax<\/a>, el pleno del <a href=\"https:\/\/twitter.com\/CongresoOaxLXIV?ref_src=twsrc%5Etfw\">@CongresoOaxLXIV<\/a> aprob\u00f3 un exhorto al gobernador <a href=\"https:\/\/twitter.com\/alejandromurat?ref_src=twsrc%5Etfw\">@alejandromurat<\/a>, para que atienda pronto y d\u00e9 respuestas a las demandas econ\u00f3micas de elementos de la <a href=\"https:\/\/twitter.com\/Policia_GobOax?ref_src=twsrc%5Etfw\">@Policia_GobOax<\/a>. <a href=\"https:\/\/t.co\/THzpXsahDg\">pic.twitter.com\/THzpXsahDg<\/a><\/p>&mdash; Zona Roja Oaxaca (@Zona_Roja_Oax) <a href=\"https:\/\/twitter.com\/Zona_Roja_Oax\/status\/1374823822961082372?ref_src=twsrc%5Etfw\">24 de marzo de 2021<\/a><\/blockquote><\/div>\n<\/div><\/figure>\n\n\n\n<p>La Polic\u00eda Estatal demanda mejores contratos con prestaciones formales, entre estos derechos a la vivienda; aumento salarial que al menos los coloque en la media nacional; aumento en ayuda de la ayuda en alimentaci\u00f3n; pago de vi\u00e1ticos de forma inmediata; a pago de quinquenio a todo el personal; pagos inmediatos del seguro de vida a los familiares de los elementos fallecidos.<\/p>\n\n\n\n<p>As\u00ed como jubilaciones a los 25 a\u00f1os de servicio o 60 a\u00f1os de edad; cobertura amplia de seguridad social, convocatorias de forma puntual para contratar personal, condiciones que ser\u00e1n para todos los elementos sin importancia del \u00e1rea en la que laboren.<\/p>\n\n\n\n<p>EXIGEN ATENCI\u00d3N<\/p>\n\n\n\n<p>&nbsp;En su sexto d\u00eda de protesta, elementos de la Polic\u00eda Estatal de Oaxaca se manifestaron en la sede del Congreso de Oaxaca, donde una comisi\u00f3n de legisladores del grupo parlamentario de Morena les expres\u00f3 su apoyo para que el conflicto laboral concluya.<\/p>\n\n\n\n<p>El diputado Horacio Sosa les indic\u00f3 que desde el Congreso demandar\u00e1n al gobernador Alejandro Murat asumir su responsabilidad para dar soluci\u00f3n a la protesta con apego a las garant\u00edas de sus derechos laborales.<\/p>\n\n\n\n<p>Previo a la sesi\u00f3n ordinaria de la 64 legislatura, los uniformados inconformes arribaron en caravana para expresar sus demandas y solicitar la intervenci\u00f3n del Poder Legislativo en sus peticiones.<\/p>\n\n\n\n<figure class=\"wp-block-embed-twitter wp-block-embed is-type-rich is-provider-twitter\"><div class=\"wp-block-embed__wrapper\">\n<div class=\"twitter-tweet\"><blockquote class=\"twitter-tweet\" data-lang=\"es\"><p lang=\"es\" dir=\"ltr\"><a href=\"https:\/\/twitter.com\/hashtag\/ENVIVO?src=hash&amp;ref_src=twsrc%5Etfw\">#ENVIVO<\/a> <br>San Raymundo Jalpan, Oax., 24 de marzo de 2021.- Un grupo de elementos de la <a href=\"https:\/\/twitter.com\/Policia_GobOax?ref_src=twsrc%5Etfw\">@Policia_GobOax<\/a> protesta en la sede del <a href=\"https:\/\/twitter.com\/CongresoOaxLXIV?ref_src=twsrc%5Etfw\">@CongresoOaxLXIV<\/a>. <br>Siga aqu\u00ed la transmisi\u00f3n:  <br>\ud83d\udc47<a href=\"https:\/\/t.co\/IhpXVO0JoA\">https:\/\/t.co\/IhpXVO0JoA<\/a> <a href=\"https:\/\/t.co\/iJ1u35sZLQ\">pic.twitter.com\/iJ1u35sZLQ<\/a><\/p>&mdash; Zona Roja Oaxaca (@Zona_Roja_Oax) <a href=\"https:\/\/twitter.com\/Zona_Roja_Oax\/status\/1374787718367043589?ref_src=twsrc%5Etfw\">24 de marzo de 2021<\/a><\/blockquote><\/div>\n<\/div><\/figure>\n\n\n\n<p>Sosa Villavicencio se\u00f1al\u00f3 que la ruta para destrabar el conflicto debe ser el di\u00e1logo, as\u00ed como les pidi\u00f3 a los elementos su colaboraci\u00f3n para trabajar en equipo en la seguridad de la poblaci\u00f3n.<\/p>\n\n\n\n<p>Por su parte, la diputada Hilda P\u00e9rez Luis, destac\u00f3 que los diputados est\u00e1n en la disposici\u00f3n de contribuir a la soluci\u00f3n y les record\u00f3 la importancia de su labor como elementos policiales desde las calles, a donde los necesita la ciudadan\u00eda.<\/p>\n\n\n\n<p>Los legisladores ofrecieron una mesa de di\u00e1logo a elementos, pero la rechazaron; tras la atenci\u00f3n de los diputados desde el acceso de la sede legislativa, los manifestantes se retiraron.<\/p>\n\n\n\n<figure class=\"wp-block-embed-twitter wp-block-embed is-type-rich is-provider-twitter\"><div class=\"wp-block-embed__wrapper\">\n<div class=\"twitter-tweet\"><blockquote class=\"twitter-tweet\" data-lang=\"es\"><p lang=\"es\" dir=\"ltr\"><a href=\"https:\/\/twitter.com\/hashtag\/%C3%9AltimoMinuto?src=hash&amp;ref_src=twsrc%5Etfw\">#\u00daltimoMinuto<\/a> <br>Un grupo de diputados, entre ellos <a href=\"https:\/\/twitter.com\/HildaLuis_?ref_src=twsrc%5Etfw\">@HildaLuis_<\/a> y <a href=\"https:\/\/twitter.com\/HoracioSosaOax?ref_src=twsrc%5Etfw\">@HoracioSosaOax<\/a>, atendieron y ofrecieron una mesa de di\u00e1logo a elementos de la <a href=\"https:\/\/twitter.com\/Policia_GobOax?ref_src=twsrc%5Etfw\">@Policia_GobOax<\/a>; sin embargo la rechazaron y se retiraron del <a href=\"https:\/\/twitter.com\/CongresoOaxLXIV?ref_src=twsrc%5Etfw\">@CongresoOaxLXIV<\/a>. <a href=\"https:\/\/t.co\/liLDIMnjU5\">pic.twitter.com\/liLDIMnjU5<\/a><\/p>&mdash; Zona Roja Oaxaca (@Zona_Roja_Oax) <a href=\"https:\/\/twitter.com\/Zona_Roja_Oax\/status\/1374795826388668423?ref_src=twsrc%5Etfw\">24 de marzo de 2021<\/a><\/blockquote><\/div>\n<\/div><\/figure>\n","protected":false},"excerpt":{"rendered":"<p>Yuridiana Sosa\/Zona Roja. Oaxaca de Ju\u00e1rez, Oax., 24 de marzo de 2021.- El pleno de&hellip;<\/p>\n","protected":false},"author":2,"featured_media":25083,"comment_status":"closed","ping_status":"open","sticky":false,"template":"","format":"standard","meta":{"_lmt_disableupdate":"","_lmt_disable":"","_jetpack_memberships_contains_paid_content":false,"footnotes":""},"categories":[109,47],"tags":[213],"class_list":["post-25082","post","type-post","status-publish","format-standard","has-post-thumbnail","hentry","category-minuto-a-minuto","category-zona-gris","tag-64-legislatura-de-oaxaca"],"jetpack_featured_media_url":"https:\/\/zonaroja.com.mx\/wp-content\/uploads\/2021\/03\/Protesta-policias-Congreso.jpg","jetpack_sharing_enabled":true,"_links":{"self":[{"href":"https:\/\/zonaroja.com.mx\/index.php?rest_route=\/wp\/v2\/posts\/25082","targetHints":{"allow":["GET"]}}],"collection":[{"href":"https:\/\/zonaroja.com.mx\/index.php?rest_route=\/wp\/v2\/posts"}],"about":[{"href":"https:\/\/zonaroja.com.mx\/index.php?rest_route=\/wp\/v2\/types\/post"}],"author":[{"embeddable":true,"href":"https:\/\/zonaroja.com.mx\/index.php?rest_route=\/wp\/v2\/users\/2"}],"replies":[{"embeddable":true,"href":"https:\/\/zonaroja.com.mx\/index.php?rest_route=%2Fwp%2Fv2%2Fcomments&post=25082"}],"version-history":[{"count":1,"href":"https:\/\/zonaroja.com.mx\/index.php?rest_route=\/wp\/v2\/posts\/25082\/revisions"}],"predecessor-version":[{"id":25084,"href":"https:\/\/zonaroja.com.mx\/index.php?rest_route=\/wp\/v2\/posts\/25082\/revisions\/25084"}],"wp:featuredmedia":[{"embeddable":true,"href":"https:\/\/zonaroja.com.mx\/index.php?rest_route=\/wp\/v2\/media\/25083"}],"wp:attachment":[{"href":"https:\/\/zonaroja.com.mx\/index.php?rest_route=%2Fwp%2Fv2%2Fmedia&parent=25082"}],"wp:term":[{"taxonomy":"category","embeddable":true,"href":"https:\/\/zonaroja.com.mx\/index.php?rest_route=%2Fwp%2Fv2%2Fcategories&post=25082"},{"taxonomy":"post_tag","embeddable":true,"href":"https:\/\/zonaroja.com.mx\/index.php?rest_route=%2Fwp%2Fv2%2Ftags&post=25082"}],"curies":[{"name":"wp","href":"https:\/\/api.w.org\/{rel}","templated":true}]}}