{"id":25085,"date":"2021-03-24T21:14:54","date_gmt":"2021-03-25T03:14:54","guid":{"rendered":"http:\/\/www.zonaroja.com.mx\/?p=25085"},"modified":"2021-03-24T21:20:56","modified_gmt":"2021-03-25T03:20:56","slug":"congreso-demanda-de-nuevo-pacto-de-civilidad-politica-para-evitar-otro-crimen","status":"publish","type":"post","link":"https:\/\/zonaroja.com.mx\/?p=25085","title":{"rendered":"Congreso demanda de nuevo \u201cpacto de civilidad pol\u00edtica\u201d para evitar otro crimen"},"content":{"rendered":"\n<p>Yuridiana Sosa\/Zona Roja.<\/p>\n\n\n\n<p>Oaxaca de Ju\u00e1rez, Oax., 24 de marzo de 2021.- La 64 Legislatura del Congreso de Oaxaca aprob\u00f3 un exhorto para que el Gobernador del Estado, Alejandro Murat, instituciones electorales y partidos, firmen un pacto de civilidad pol\u00edtica para el actual proceso electoral, a fin de evitar m\u00e1s agresiones o asesinatos a candidatos.<\/p>\n\n\n\n<p>La propuesta del diputado del Partido del Trabajo (PT), C\u00e9sar Morales Ni\u00f1o, fue aprobada con 27 votos, con el cual tambi\u00e9n establece un llamado p\u00fablico a las personas aspirantes, para que se abstengan de realizar actos que pongan en peligro los principios rectores de las elecciones, y para prevenir la violencia pol\u00edtica, ejercida principalmente en contra de las mujeres.<\/p>\n\n\n\n<p>El legislador plante\u00f3 el lamentable hecho sobre el feminicidio de la ex candidata a la presidencia de Ocotl\u00e1n de Morelos, Ivonne Gallegos, ocurrido el pasado 20 de marzo, en Santo Tom\u00e1s Jalietza; ese tipo de eventos violentos son los que se tratan evitar que se repitan, dijo.<\/p>\n\n\n\n<p>Pero el gobernador, el Instituto Estatal Electoral y de Participaci\u00f3n Ciudadana de Oaxaca (IEEPCO)y Consejo Local del Instituto Nacional Electoral (INE) ya hab\u00edan sido exhortados en ese mismo sentido desde el mes diciembre, cuando el Congreso del Estado aprob\u00f3, de urgente y de obvia resoluci\u00f3n, que se realizara un pacto de civilidad, pero fueron omisas.<\/p>\n\n\n\n<p>\u201cLas autoridades son omisas y la violencia pol\u00edtica va en aumento\u201d, expres\u00f3 Morales Ni\u00f1o, quien agreg\u00f3 que en caso de Ivonne Gallegos ya exist\u00edan antecedentes de amenazas en su contra, pero las autoridades competentes no emitieron medidas de protecci\u00f3n.<\/p>\n\n\n\n<figure class=\"wp-block-embed-twitter wp-block-embed is-type-rich is-provider-twitter\"><div class=\"wp-block-embed__wrapper\">\n<div class=\"twitter-tweet\"><blockquote class=\"twitter-tweet\" data-lang=\"es\"><p lang=\"es\" dir=\"ltr\"><a href=\"https:\/\/twitter.com\/hashtag\/%C3%9AltimoMinuto?src=hash&amp;ref_src=twsrc%5Etfw\">#\u00daltimoMinuto<\/a> <br>Con 27 votos, el pleno del <a href=\"https:\/\/twitter.com\/CongresoOaxLXIV?ref_src=twsrc%5Etfw\">@CongresoOaxLXIV<\/a> aprob\u00f3 una iniciativa del diputado <a href=\"https:\/\/twitter.com\/cesarmoralesn?ref_src=twsrc%5Etfw\">@cesarmoralesn<\/a>, para volver a exhortar al gobernador <a href=\"https:\/\/twitter.com\/alejandromurat?ref_src=twsrc%5Etfw\">@alejandromurat<\/a> a firmar un pacto de civilidad ante elecciones. <br>Desinter\u00e9s cobr\u00f3 ya la vida de una candidata, Ivonne Gallegos. <a href=\"https:\/\/t.co\/ZCAHdScydZ\">pic.twitter.com\/ZCAHdScydZ<\/a><\/p>&mdash; Zona Roja Oaxaca (@Zona_Roja_Oax) <a href=\"https:\/\/twitter.com\/Zona_Roja_Oax\/status\/1374815285367111681?ref_src=twsrc%5Etfw\">24 de marzo de 2021<\/a><\/blockquote><\/div>\n<\/div><\/figure>\n\n\n\n<p>Previo al inicio de las campa\u00f1as electorales, el legislador indic\u00f3 que es la etapa en la que se registran m\u00e1s infracciones a la ley.<\/p>\n\n\n\n<p>\u201cSe cometen m\u00e1s actos de violencia pol\u00edtica, especialmente contra las mujeres, porque el debate y la campa\u00f1a muchas veces dejan el \u00e1mbito electoral y se trasladan a la vida privada, vida familiar, agresiones personales, amenazas, violencia f\u00edsica, verbal, entre muchas otras irregularidades\u201d, expres\u00f3.<\/p>\n\n\n\n<p>EXIGEN JUSTICIA<\/p>\n\n\n\n<p>C\u00e9sar Morales Ni\u00f1o tambi\u00e9n present\u00f3 en el punto de acuerdo aprobado justicia para el caso de la ex aspirante a la presidencia de Ocotl\u00e1n de Morelos, Ivonne Gallegos.<\/p>\n\n\n\n<p>Por lo que se exhort\u00f3 a la Fiscal\u00eda General del Estado que esclarezca a la brevedad posible el feminicidio de Ivonne Gallegos Carre\u00f1o y sancione a los responsables.<\/p>\n","protected":false},"excerpt":{"rendered":"<p>Yuridiana Sosa\/Zona Roja. Oaxaca de Ju\u00e1rez, Oax., 24 de marzo de 2021.- La 64 Legislatura&hellip;<\/p>\n","protected":false},"author":2,"featured_media":25086,"comment_status":"closed","ping_status":"open","sticky":false,"template":"","format":"standard","meta":{"_lmt_disableupdate":"","_lmt_disable":"","_jetpack_memberships_contains_paid_content":false,"footnotes":""},"categories":[109,46],"tags":[2545],"class_list":["post-25085","post","type-post","status-publish","format-standard","has-post-thumbnail","hentry","category-minuto-a-minuto","category-zona-blanca","tag-cesar-morales-n"],"jetpack_featured_media_url":"https:\/\/zonaroja.com.mx\/wp-content\/uploads\/2021\/03\/Cesar-Morales-1.jpg","jetpack_sharing_enabled":true,"_links":{"self":[{"href":"https:\/\/zonaroja.com.mx\/index.php?rest_route=\/wp\/v2\/posts\/25085","targetHints":{"allow":["GET"]}}],"collection":[{"href":"https:\/\/zonaroja.com.mx\/index.php?rest_route=\/wp\/v2\/posts"}],"about":[{"href":"https:\/\/zonaroja.com.mx\/index.php?rest_route=\/wp\/v2\/types\/post"}],"author":[{"embeddable":true,"href":"https:\/\/zonaroja.com.mx\/index.php?rest_route=\/wp\/v2\/users\/2"}],"replies":[{"embeddable":true,"href":"https:\/\/zonaroja.com.mx\/index.php?rest_route=%2Fwp%2Fv2%2Fcomments&post=25085"}],"version-history":[{"count":2,"href":"https:\/\/zonaroja.com.mx\/index.php?rest_route=\/wp\/v2\/posts\/25085\/revisions"}],"predecessor-version":[{"id":25088,"href":"https:\/\/zonaroja.com.mx\/index.php?rest_route=\/wp\/v2\/posts\/25085\/revisions\/25088"}],"wp:featuredmedia":[{"embeddable":true,"href":"https:\/\/zonaroja.com.mx\/index.php?rest_route=\/wp\/v2\/media\/25086"}],"wp:attachment":[{"href":"https:\/\/zonaroja.com.mx\/index.php?rest_route=%2Fwp%2Fv2%2Fmedia&parent=25085"}],"wp:term":[{"taxonomy":"category","embeddable":true,"href":"https:\/\/zonaroja.com.mx\/index.php?rest_route=%2Fwp%2Fv2%2Fcategories&post=25085"},{"taxonomy":"post_tag","embeddable":true,"href":"https:\/\/zonaroja.com.mx\/index.php?rest_route=%2Fwp%2Fv2%2Ftags&post=25085"}],"curies":[{"name":"wp","href":"https:\/\/api.w.org\/{rel}","templated":true}]}}