{"id":25089,"date":"2021-03-24T22:11:30","date_gmt":"2021-03-25T04:11:30","guid":{"rendered":"http:\/\/www.zonaroja.com.mx\/?p=25089"},"modified":"2021-03-24T22:11:34","modified_gmt":"2021-03-25T04:11:34","slug":"pedira-congreso-al-insabi-exija-cuentas-a-los-sso-sobre-recursos-de-recontratacion","status":"publish","type":"post","link":"https:\/\/zonaroja.com.mx\/?p=25089","title":{"rendered":"Pedir\u00e1 Congreso al Insabi exija cuentas a los SSO sobre recursos de recontrataci\u00f3n"},"content":{"rendered":"\n<p>Redacci\u00f3n\/Zona Roja.<\/p>\n\n\n\n<p>Oaxaca de Ju\u00e1rez, Oax., 24 de marzo del 2021.- La C\u00e1mara de Diputados local analiza una propuesta presentada por la diputada Magaly L\u00f3pez Dom\u00ednguez, a fin de que el Instituto de Salud Bienestar exija a los Servicios de Salud de Oaxaca que rinda cuenta sobre los recursos financieros transferidos para la recontrataci\u00f3n de personal.<\/p>\n\n\n\n<p>En tribuna, la legisladora del Partido Morena expuso su iniciativa, en que detall\u00f3 que ante la desatenci\u00f3n del titular de la dependencia, Juan Carlos M\u00e1rquez Heine, ha recibido a la secretaria general del Sindicato Independiente del Sector Salud, Mar\u00eda del Carmen Noriega, y antes al dirigente de la Secci\u00f3n 9 del Sindicato Independiente Nacional de Salud, a fin de escuchar sus planteamientos.<\/p>\n\n\n\n<p>Expuso que al desaparecer el Seguro Popular en 2019, se establecieron disposiciones, reglas de operaci\u00f3n, y se firm\u00f3 acuerdos con los gobiernos estatales para transferir recursos para recontratar a personas cesadas.<\/p>\n\n\n\n<p>Lo anterior, a fin de asegurar la continuidad laboral, insert\u00e1ndolos al programa \u201cAtenci\u00f3n a la salud y medicamentos gratuitos para la poblaci\u00f3n sin seguridad social laboral\u201d, en tareas de prevenci\u00f3n y promoci\u00f3n de la salud<\/p>\n\n\n\n<p>\u201cYa ha pasado m\u00e1s de un a\u00f1o sin que el gobierno cumpla con su obligaci\u00f3n, lo que viola los derechos de los trabajadores y ha afectado gravemente su econom\u00eda, pero m\u00e1s grave a\u00fan que, al no contratarse a este personal, las acciones de salud no se han realizado, dejando en riesgo a la poblaci\u00f3n oaxaque\u00f1a m\u00e1s vulnerables\u201d, dijo.<\/p>\n\n\n\n<p>Por ello, propuso que se exhorte al gobernador Alejandro Murat que se recontrate al personal despedido del extinto Seguro Popular.<\/p>\n\n\n\n<p>De la misma manera, pedir al director del Insabi, Juan Antonio Ferrer Aguilar que solicite a los SSO que rindan cuentas sobre los recursos que la Federaci\u00f3n entreg\u00f3 para estas contrataciones, \u201cante las evidencias que la autoridad local no lo hizo\u201d.<\/p>\n\n\n\n<figure class=\"wp-block-embed-twitter wp-block-embed is-type-rich is-provider-twitter\"><div class=\"wp-block-embed__wrapper\">\n<div class=\"twitter-tweet\"><blockquote class=\"twitter-tweet\" data-lang=\"es\"><p lang=\"es\" dir=\"ltr\">En la sesi\u00f3n ordinaria de este mi\u00e9rcoles, la diputada por Morena, <a href=\"https:\/\/twitter.com\/Magaly_LopezOax?ref_src=twsrc%5Etfw\">@Magaly_LopezOax<\/a>, lament\u00f3 la crisis que atraviesan los <a href=\"https:\/\/twitter.com\/SSO_GobOax?ref_src=twsrc%5Etfw\">@SSO_GobOax<\/a>, ante la desatenci\u00f3n del secretario <a href=\"https:\/\/twitter.com\/JC_MarquezH?ref_src=twsrc%5Etfw\">@JC_MarquezH<\/a>; recalc\u00f3 que el gobierno federal transfiri\u00f3 recursos para recontrataciones,lo cual no se ha hecho. <a href=\"https:\/\/t.co\/8F0WjhR2kv\">pic.twitter.com\/8F0WjhR2kv<\/a><\/p>&mdash; Zona Roja Oaxaca (@Zona_Roja_Oax) <a href=\"https:\/\/twitter.com\/Zona_Roja_Oax\/status\/1374919348784037889?ref_src=twsrc%5Etfw\">25 de marzo de 2021<\/a><\/blockquote><\/div>\n<\/div><\/figure>\n\n\n\n<p>TAMBI\u00c9N QUE CUBRA SUELDOS<\/p>\n\n\n\n<p>Por otra parte, la tambi\u00e9n presidenta de la Comisi\u00f3n de Derechos Humanos del Congreso local, solicit\u00f3 al gobernador instruir que se cubra el total de los sueldos que se adeudan y la recontrataci\u00f3n inmediata de las y los profesionales de la salud del \u201cPrograma de Fortalecimiento a la Atenci\u00f3n M\u00e9dica\u201d, con el fin de garantizar la continuidad de los servicios m\u00e9dicos en las comunidades de alta y muy alta marginaci\u00f3n en el estado de Oaxaca.<\/p>\n\n\n\n<p>Adem\u00e1s, exigi\u00f3 al ejecutivo Estatal ampliar el n\u00famero de profesionales de la salud de este programa, e iniciar de inmediato el proceso para su basificaci\u00f3n, con el fin de que tengan acceso a prestaciones y garantizar el cumplimiento del conjunto de sus derechos laborales.<\/p>\n\n\n\n<p>L\u00f3pez Dom\u00ednguez expuso que m\u00e1s de 145 trabajadoras y trabajadores de la salud que forman parte del programa \u201cFortalecimiento a la Atenci\u00f3n M\u00e9dica\u201d, quienes carecen de seguridad social, de fondo para vivienda, de vacaciones y de cualquier tipo de prestaci\u00f3n laboral de ley, pues- se\u00f1al\u00f3- trabajan por contratos que se renuevan cada a\u00f1o.<\/p>\n\n\n\n<p>La legisladora local se\u00f1al\u00f3 que las y los trabajadores de este programa del sector salud, tienen como responsabilidad atender a sectores vulnerables, en comunidades de alta y muy alta marginaci\u00f3n, poblaci\u00f3n que en suma son 81 mil 850 personas de 437 localidades, en las ocho regiones del estado.<\/p>\n","protected":false},"excerpt":{"rendered":"<p>Redacci\u00f3n\/Zona Roja. Oaxaca de Ju\u00e1rez, Oax., 24 de marzo del 2021.- La C\u00e1mara de Diputados&hellip;<\/p>\n","protected":false},"author":2,"featured_media":25090,"comment_status":"closed","ping_status":"open","sticky":false,"template":"","format":"standard","meta":{"_lmt_disableupdate":"","_lmt_disable":"","_jetpack_memberships_contains_paid_content":false,"footnotes":""},"categories":[109,46],"tags":[192],"class_list":["post-25089","post","type-post","status-publish","format-standard","has-post-thumbnail","hentry","category-minuto-a-minuto","category-zona-blanca","tag-diputada-magaly-lopez-dominguez"],"jetpack_featured_media_url":"https:\/\/zonaroja.com.mx\/wp-content\/uploads\/2021\/03\/Magaly-Lopez-D.jpg","jetpack_sharing_enabled":true,"_links":{"self":[{"href":"https:\/\/zonaroja.com.mx\/index.php?rest_route=\/wp\/v2\/posts\/25089","targetHints":{"allow":["GET"]}}],"collection":[{"href":"https:\/\/zonaroja.com.mx\/index.php?rest_route=\/wp\/v2\/posts"}],"about":[{"href":"https:\/\/zonaroja.com.mx\/index.php?rest_route=\/wp\/v2\/types\/post"}],"author":[{"embeddable":true,"href":"https:\/\/zonaroja.com.mx\/index.php?rest_route=\/wp\/v2\/users\/2"}],"replies":[{"embeddable":true,"href":"https:\/\/zonaroja.com.mx\/index.php?rest_route=%2Fwp%2Fv2%2Fcomments&post=25089"}],"version-history":[{"count":1,"href":"https:\/\/zonaroja.com.mx\/index.php?rest_route=\/wp\/v2\/posts\/25089\/revisions"}],"predecessor-version":[{"id":25091,"href":"https:\/\/zonaroja.com.mx\/index.php?rest_route=\/wp\/v2\/posts\/25089\/revisions\/25091"}],"wp:featuredmedia":[{"embeddable":true,"href":"https:\/\/zonaroja.com.mx\/index.php?rest_route=\/wp\/v2\/media\/25090"}],"wp:attachment":[{"href":"https:\/\/zonaroja.com.mx\/index.php?rest_route=%2Fwp%2Fv2%2Fmedia&parent=25089"}],"wp:term":[{"taxonomy":"category","embeddable":true,"href":"https:\/\/zonaroja.com.mx\/index.php?rest_route=%2Fwp%2Fv2%2Fcategories&post=25089"},{"taxonomy":"post_tag","embeddable":true,"href":"https:\/\/zonaroja.com.mx\/index.php?rest_route=%2Fwp%2Fv2%2Ftags&post=25089"}],"curies":[{"name":"wp","href":"https:\/\/api.w.org\/{rel}","templated":true}]}}