{"id":2509,"date":"2019-07-25T10:14:38","date_gmt":"2019-07-25T15:14:38","guid":{"rendered":"http:\/\/www.zonaroja.com.mx\/?p=2509"},"modified":"2019-07-25T10:14:41","modified_gmt":"2019-07-25T15:14:41","slug":"yalitza-la-vuelve-a-hacer-aparece-con-hasta-con-ocho-ayudantes-y-guaruras","status":"publish","type":"post","link":"https:\/\/zonaroja.com.mx\/?p=2509","title":{"rendered":"Yalitza la vuelve a hacer: aparece con hasta con ocho ayudantes y guaruras"},"content":{"rendered":"\n<p>Redacci\u00f3n<\/p>\n\n\n\n<p>Oaxaca&nbsp; de Ju\u00e1rez, Oax., Tras la pol\u00e9mica por no dar\nentrevistas a la prensa local durante su visita a Oaxaca el pasado lunes, en\nque adem\u00e1s sali\u00f3 rodeada por elementos del Cuerpo de Bomberos para no ser\nmolestada, Yalitza Aparicio Mart\u00ednez volvi\u00f3 a ser noticia por el exceso de\nayudantes y guaruras. <\/p>\n\n\n\n<p>De acuerdo\ncon la agencia \u201cReforma\u201d, ayer en una actividad en la capital del pa\u00eds fueron\nhasta ocho personas las que la atendieron y cuidaron.<\/p>\n\n\n\n<p>La nominada\nal \u00d3scar por su trabajo en \u201cRoma\u201d lleg\u00f3 a un evento de una marca de agua\nembotellada custodiada por asistente de vestuario y maquillaje, dos personas de\nseguridad, dos publicistas y acompa\u00f1antes, adem\u00e1s de gu\u00edas anfitriones.<\/p>\n\n\n\n<p>As\u00ed como se\nha mencionado anteriormente que Aparicio se ha rodeado de un \u201centourage\u201d que la\nblinda, lo hizo para evitar entrevistas y sobre todo, \u201cselfies\u201d, que es lo que\nm\u00e1s busca la gente que se le aproxima.<\/p>\n\n\n\n<p>La oaxaque\u00f1a\nque se ha vuelto la sensaci\u00f3n desde su postulaci\u00f3n al premio de la Academia, no\npas\u00f3 desapercibida en un evento en el que se destacaron logros de mujeres en\ndistintos \u00e1mbitos, y para no improvisar, llev\u00f3 su discurso ya hecho, adem\u00e1s de\nque agradeci\u00f3 por ser considerada.<\/p>\n\n\n\n<p>\u201cSiempre es\nimportante sentirse querido, buscar la equidad de g\u00e9nero y sobre todo, que\nvaloremos lo que aportamos las mujeres a la sociedad\u201d, extern\u00f3 Yalitza en un\nevento realizado en Jardines del Pedregal de la Ciudad de M\u00e9xico.<\/p>\n\n\n\n<p>Apenas d\u00edas atr\u00e1s, fue mencionado que en Oaxaca, durante una intervenci\u00f3n en la apertura de la Guelaguetza, hubo m\u00e1s de diez personas custodi\u00e1ndola.<\/p>\n\n\n\n<figure class=\"wp-block-embed-twitter wp-block-embed is-type-rich is-provider-twitter\"><div class=\"wp-block-embed__wrapper\">\n<div class=\"twitter-tweet\"><blockquote class=\"twitter-tweet\" data-lang=\"es\"><p lang=\"es\" dir=\"ltr\"><a href=\"https:\/\/twitter.com\/hashtag\/OaxacaGris?src=hash&amp;ref_src=twsrc%5Etfw\">#OaxacaGris<\/a><br>A fin de no ser molestada, con guaruras, con valla humana y con personal de <a href=\"https:\/\/twitter.com\/Bomberos_GobOax?ref_src=twsrc%5Etfw\">@Bomberos_GobOax<\/a>, incluyendo su director Manuel Maza, se retir\u00f3 <a href=\"https:\/\/twitter.com\/YalitzaAparicio?ref_src=twsrc%5Etfw\">@YalitzaAparicio<\/a> del auditorio Guelaguetza tras la primera edici\u00f3n del Lunes del Cerro. <br>Video de <a href=\"https:\/\/twitter.com\/nssoaxaca?ref_src=twsrc%5Etfw\">@nssoaxaca<\/a>. <a href=\"https:\/\/t.co\/M2hxTh1OIn\">pic.twitter.com\/M2hxTh1OIn<\/a><\/p>&mdash; Zona Roja Oaxaca (@MexRoja) <a href=\"https:\/\/twitter.com\/MexRoja\/status\/1153448179804856320?ref_src=twsrc%5Etfw\">22 de julio de 2019<\/a><\/blockquote><\/div>\n<\/div><\/figure>\n\n\n\n<p>Y el\ncontraste lo marc\u00f3 el viernes de la semana pasada, en que cuatro no pudieron\ncon el p\u00fablico del Festival de Cine Internacional de Guanajuato (GIFF), en\ndonde m\u00e1s de 400 personas le pidieron selfie y a nadie le dijo que no.<\/p>\n","protected":false},"excerpt":{"rendered":"<p>Redacci\u00f3n Oaxaca&nbsp; de Ju\u00e1rez, Oax., Tras la pol\u00e9mica por no dar entrevistas a la prensa&hellip;<\/p>\n","protected":false},"author":2,"featured_media":2510,"comment_status":"closed","ping_status":"open","sticky":false,"template":"","format":"standard","meta":{"_lmt_disableupdate":"","_lmt_disable":"","_jetpack_memberships_contains_paid_content":false,"footnotes":""},"categories":[109,49],"tags":[398],"class_list":["post-2509","post","type-post","status-publish","format-standard","has-post-thumbnail","hentry","category-minuto-a-minuto","category-zona-fresa","tag-yalitza-aparicio-con-guaruras"],"jetpack_featured_media_url":"https:\/\/zonaroja.com.mx\/wp-content\/uploads\/2019\/07\/Yalitza.jpg","jetpack_sharing_enabled":true,"_links":{"self":[{"href":"https:\/\/zonaroja.com.mx\/index.php?rest_route=\/wp\/v2\/posts\/2509","targetHints":{"allow":["GET"]}}],"collection":[{"href":"https:\/\/zonaroja.com.mx\/index.php?rest_route=\/wp\/v2\/posts"}],"about":[{"href":"https:\/\/zonaroja.com.mx\/index.php?rest_route=\/wp\/v2\/types\/post"}],"author":[{"embeddable":true,"href":"https:\/\/zonaroja.com.mx\/index.php?rest_route=\/wp\/v2\/users\/2"}],"replies":[{"embeddable":true,"href":"https:\/\/zonaroja.com.mx\/index.php?rest_route=%2Fwp%2Fv2%2Fcomments&post=2509"}],"version-history":[{"count":1,"href":"https:\/\/zonaroja.com.mx\/index.php?rest_route=\/wp\/v2\/posts\/2509\/revisions"}],"predecessor-version":[{"id":2511,"href":"https:\/\/zonaroja.com.mx\/index.php?rest_route=\/wp\/v2\/posts\/2509\/revisions\/2511"}],"wp:featuredmedia":[{"embeddable":true,"href":"https:\/\/zonaroja.com.mx\/index.php?rest_route=\/wp\/v2\/media\/2510"}],"wp:attachment":[{"href":"https:\/\/zonaroja.com.mx\/index.php?rest_route=%2Fwp%2Fv2%2Fmedia&parent=2509"}],"wp:term":[{"taxonomy":"category","embeddable":true,"href":"https:\/\/zonaroja.com.mx\/index.php?rest_route=%2Fwp%2Fv2%2Fcategories&post=2509"},{"taxonomy":"post_tag","embeddable":true,"href":"https:\/\/zonaroja.com.mx\/index.php?rest_route=%2Fwp%2Fv2%2Ftags&post=2509"}],"curies":[{"name":"wp","href":"https:\/\/api.w.org\/{rel}","templated":true}]}}