{"id":25092,"date":"2021-03-24T22:27:59","date_gmt":"2021-03-25T04:27:59","guid":{"rendered":"http:\/\/www.zonaroja.com.mx\/?p=25092"},"modified":"2021-03-24T22:28:02","modified_gmt":"2021-03-25T04:28:02","slug":"mueren-cuatro-en-dos-accidentes-en-oaxaca-uno-de-ellos-ahogado","status":"publish","type":"post","link":"https:\/\/zonaroja.com.mx\/?p=25092","title":{"rendered":"Mueren cuatro en dos accidentes en Oaxaca; uno de ellos ahogado"},"content":{"rendered":"\n<p>Redacci\u00f3n\/Zona Roja.<\/p>\n\n\n\n<p>Oaxaca de Ju\u00e1rez, Oax., 24 de marzo de 2021.- Cuatro personas perdieron la vida este mi\u00e9rcoles en Oaxaca, tres de ellas por percances vehiculares y una por ahogamiento.<\/p>\n\n\n\n<p>En la carretera local que comunica a la poblaci\u00f3n de San Miguel del Valle, del municipio de Villa de D\u00edaz Ordaz, Tlacolula, se suscit\u00f3 la volcadura de una camioneta, donde tres personas fallecieron y cinco resultaron con lesiones.<\/p>\n\n\n\n<p>El percance ocurri\u00f3 la ma\u00f1ana de este mi\u00e9rcoles cuando la unidad de motor se sali\u00f3 de la carretera y qued\u00f3 en un barranco de varios metros.<\/p>\n\n\n\n<p>Pobladores de san Miguel del Valle acudieron al lugar y empezaron a sacar a los lesionados y quienes fueron trasladados a una cl\u00ednica de Tlacolula de Matamoros<\/p>\n\n\n\n<p>De igual forma, confirmaron que dos personas perdieron la vida en el lugar y una m\u00e1s cuando recib\u00eda atenci\u00f3n m\u00e9dica, por lo cual pidieron la Intervenci\u00f3n del personal de la Fiscal\u00eda General del Estado.<\/p>\n\n\n\n<figure class=\"wp-block-embed-twitter wp-block-embed is-type-rich is-provider-twitter\"><div class=\"wp-block-embed__wrapper\">\n<div class=\"twitter-tweet\"><blockquote class=\"twitter-tweet\" data-lang=\"es\"><p lang=\"es\" dir=\"ltr\">Por segundo d\u00eda consecutivo, cinco elementos del Heroico Cuerpo de <a href=\"https:\/\/twitter.com\/Bomberos_GobOax?ref_src=twsrc%5Etfw\">@Bomberos_GobOax<\/a> con equipo especializado en buceo para aguas fr\u00edas; llevaron a cabo inmersi\u00f3n profunda en la represa El Camar\u00f3n, con la finalidad de ubicar el cuerpo del joven ahogado el pasado s\u00e1bado. <a href=\"https:\/\/twitter.com\/hashtag\/Oaxaca?src=hash&amp;ref_src=twsrc%5Etfw\">#Oaxaca<\/a> <a href=\"https:\/\/t.co\/8OHaPnuToE\">pic.twitter.com\/8OHaPnuToE<\/a><\/p>&mdash; Sr\u00eda. Seg. P\u00fab. Oax. (@SSP_GobOax) <a href=\"https:\/\/twitter.com\/SSP_GobOax\/status\/1374051139197501441?ref_src=twsrc%5Etfw\">22 de marzo de 2021<\/a><\/blockquote><\/div>\n<\/div><\/figure>\n\n\n\n<p>AHOGADO<\/p>\n\n\n\n<p>Por otra parte, la ma\u00f1ana de hoy fue localizado el cuerpo de un individuo, en una presa de la localidad de El Camar\u00f3n, en el municipio de San Carlos Yautepec, de la regi\u00f3n Sierra Sur.<\/p>\n\n\n\n<p>El joven se meti\u00f3 a nadar desde el pasado s\u00e1bado pero no fue localizado; durante varios d\u00edas, personal del Heroico Cuerpo de Bomberos, con equipo especializado de buceo, realiz\u00f3 tareas de b\u00fasqueda.<\/p>\n\n\n\n<p>No fue sino hasta hoy en que el cuerpo sali\u00f3 a flote y avistado por los pobladores; al momento la v\u00edctima no ha sido identificada legalmente.<\/p>\n","protected":false},"excerpt":{"rendered":"<p>Redacci\u00f3n\/Zona Roja. Oaxaca de Ju\u00e1rez, Oax., 24 de marzo de 2021.- Cuatro personas perdieron la&hellip;<\/p>\n","protected":false},"author":2,"featured_media":25093,"comment_status":"closed","ping_status":"open","sticky":false,"template":"","format":"standard","meta":{"_lmt_disableupdate":"","_lmt_disable":"","_jetpack_memberships_contains_paid_content":false,"footnotes":""},"categories":[109,51],"tags":[2546],"class_list":["post-25092","post","type-post","status-publish","format-standard","has-post-thumbnail","hentry","category-minuto-a-minuto","category-zona-roja","tag-san-miguel-del-valle"],"jetpack_featured_media_url":"https:\/\/zonaroja.com.mx\/wp-content\/uploads\/2021\/03\/Accidente-Santa-Ana-del-Valle.png","jetpack_sharing_enabled":true,"_links":{"self":[{"href":"https:\/\/zonaroja.com.mx\/index.php?rest_route=\/wp\/v2\/posts\/25092","targetHints":{"allow":["GET"]}}],"collection":[{"href":"https:\/\/zonaroja.com.mx\/index.php?rest_route=\/wp\/v2\/posts"}],"about":[{"href":"https:\/\/zonaroja.com.mx\/index.php?rest_route=\/wp\/v2\/types\/post"}],"author":[{"embeddable":true,"href":"https:\/\/zonaroja.com.mx\/index.php?rest_route=\/wp\/v2\/users\/2"}],"replies":[{"embeddable":true,"href":"https:\/\/zonaroja.com.mx\/index.php?rest_route=%2Fwp%2Fv2%2Fcomments&post=25092"}],"version-history":[{"count":1,"href":"https:\/\/zonaroja.com.mx\/index.php?rest_route=\/wp\/v2\/posts\/25092\/revisions"}],"predecessor-version":[{"id":25094,"href":"https:\/\/zonaroja.com.mx\/index.php?rest_route=\/wp\/v2\/posts\/25092\/revisions\/25094"}],"wp:featuredmedia":[{"embeddable":true,"href":"https:\/\/zonaroja.com.mx\/index.php?rest_route=\/wp\/v2\/media\/25093"}],"wp:attachment":[{"href":"https:\/\/zonaroja.com.mx\/index.php?rest_route=%2Fwp%2Fv2%2Fmedia&parent=25092"}],"wp:term":[{"taxonomy":"category","embeddable":true,"href":"https:\/\/zonaroja.com.mx\/index.php?rest_route=%2Fwp%2Fv2%2Fcategories&post=25092"},{"taxonomy":"post_tag","embeddable":true,"href":"https:\/\/zonaroja.com.mx\/index.php?rest_route=%2Fwp%2Fv2%2Ftags&post=25092"}],"curies":[{"name":"wp","href":"https:\/\/api.w.org\/{rel}","templated":true}]}}