{"id":25098,"date":"2021-03-25T07:23:00","date_gmt":"2021-03-25T13:23:00","guid":{"rendered":"http:\/\/www.zonaroja.com.mx\/?p=25098"},"modified":"2021-03-25T07:23:12","modified_gmt":"2021-03-25T13:23:12","slug":"la-fiscalia-de-oaxaca-ya-tiene-que-darnos-respuestas-eufrosina-cruz","status":"publish","type":"post","link":"https:\/\/zonaroja.com.mx\/?p=25098","title":{"rendered":"La Fiscal\u00eda de Oaxaca ya tiene que darnos respuestas: Eufrosina Cruz"},"content":{"rendered":"\n<p>Soledad Jarqu\u00edn\/SemM\u00e9xico. Foto: Especial<\/p>\n\n\n\n<p>Oaxaca de Ju\u00e1rez, Oax., 25 de marzo de 2021.- \u201cLa Fiscal\u00eda -General de Oaxaca- tiene que darnos respuestas, tiene que encontrar a los responsables, porque yo tengo el deber de explicarle a su hijo qu\u00e9 pas\u00f3 con su mam\u00e1\u201d, dice con pesadumbre Eufrosina Cruz Mendoza, en relaci\u00f3n con el asesinato de la candidata del PAN y de Nueva Alianza a la presidencia municipal de Ocotl\u00e1n de Morelos, Ivonne Gallegos Carre\u00f1o.<\/p>\n\n\n\n<p>La ex titular de la Secretar\u00eda de Pueblos Ind\u00edgenas y Afromexicano, quien renunci\u00f3 al cargo para contender por una diputaci\u00f3n local, refiere que su amistad, con la ex candidata asesinada el pasado s\u00e1bado 20 de marzo, inici\u00f3 en 2010 cuando fueron compa\u00f1eras en la LXI Legislatura y hace algunos a\u00f1os se hicieron comadres, por eso, afirma, se siente con la responsabilidad de explicarle a su ahijado lo sucedido a su madre.<\/p>\n\n\n\n<p>Relata a SemM\u00e9xico que Gallegos Carre\u00f1o recibi\u00f3 una serie de ataques virtuales y en medios de comunicaci\u00f3n al determinar su participaci\u00f3n, una de la que algunos priistas ocotecos no estaban de acuerdo, tal es el caso de expresidente municipal de la poblaci\u00f3n ubicada a 50 kil\u00f3metros de la capital oaxaque\u00f1a, Miguel Pacheco P\u00e9rez, quien escribi\u00f3 en su cuenta de twitter el 16 de marzo: que la candidata era repudiada, la publicaci\u00f3n estaba etiquetada entre otros al gobernador Alejandro Murat y a Pepe Murat, es decir al ex gobernador y padre del actual gobernante.<\/p>\n\n\n\n<p>El mismo expresidente se encarg\u00f3 de publicar otros tweets en uno de ellos refiri\u00e9ndose a Cruz Mendoza a quien acusaba de imponer a otra mujer \u201ccon negro historial\u201d, se\u00f1al\u00f3 sobre Ivonne Gallegos Carre\u00f1o. Tweet que tambi\u00e9n etiquet\u00f3 a otros internautas entre ellos el gobernador Murat y su padre el ex gobernador Jos\u00e9 Murat.<\/p>\n\n\n\n<p>En Facebook otra mujer de nombre Margarita D\u00edaz respondi\u00f3 con calificativos negativos a una publicaci\u00f3n en la que aparece la fotograf\u00eda de la extinta aspirante a la presidencia municipal de Ocotl\u00e1n de Morelos.<\/p>\n\n\n\n<p>Con el cl\u00e1sico machista \u201cya si\u00e9ntese se\u00f1ora\u201d empieza su mensaje en el que sostiene que no va a ganar las elecciones, refiere tambi\u00e9n a la familia de la candidata \u201ctodo el mundo sabe la cala\u00f1a que es, no enga\u00f1a a nadie\u201d.<\/p>\n\n\n\n<p>Existen adem\u00e1s otros audios de un programa radiof\u00f3nico, uno de ellos de Jos\u00e9 Rodr\u00edguez, en los que la acusa de pertenecer a la \u201cdelincuencia organizada\u201d y de tener negros antecedentes, incluso asegura Jos\u00e9 Rodr\u00edguez que \u201cla se\u00f1ora no se dedica a nada\u201d, ello a pesar de que ella era funcionaria de la Secretar\u00eda de Pueblos Ind\u00edgenas y Afromexicano y en los \u00faltimos 11 a\u00f1os hab\u00eda desempe\u00f1ado diversos cargos p\u00fablicos en la administraci\u00f3n p\u00fablica, adem\u00e1s de diputada local.<\/p>\n\n\n\n<p>En respuesta en el mismo programa, Ivonne Gallegos pidi\u00f3 respeto y asegur\u00f3 que no permitir\u00eda que se emitieran este tipo de afirmaciones difamatorias. \u201cMe da risa y me sorprende que en los procesos electorales se ocupan de hechos del pasado que no son mi responsabilidad, me duele que hablen de la muerte de mi esposo\u2026tanto les molesta y les duele mi participaci\u00f3n y se prestan a este tipo de comentarios y el se\u00f1or me gustar\u00eda que me lo diga de frente, si tiene pruebas que las denuncie, m\u00e1s que pol\u00edtica soy mujer y mam\u00e1, las mujeres podemos alzar la voz ante este tipo de difamaciones\u2026 voy a defender a mi familia, a mis muertos, solo quiero respeto\u2026\u201d.<\/p>\n\n\n\n<p>En otra grabaci\u00f3n, Ivonne Gallegos explica que \u201che caminado con la cara en alto, he caminado de frente y nunca he tenido a nadie que me cuide, siempre lo he hecho con responsabilidad, he recorrido todo el estado, lo he hecho tranquila porque quien nada debe nadie teme\u2026\u201d.<\/p>\n\n\n\n<p>Eufrosina Cruz Mendoza apunta que son varias las expresiones de algunas y algunos militantes del PRI en contra de la factible candidatura de Gallegos Carre\u00f1o, quien finalmente fue impulsada por el Partido Acci\u00f3n Nacional y Nueva Alianza, \u201caunque ahora la gente del PRI municipal dice que tambi\u00e9n era su candidata\u201d.<\/p>\n\n\n\n<p>Al respecto existe una \u201centrevista\u201d a la dirigente municipal del PRI, Milagros Jim\u00e9nez Garc\u00eda quien tambi\u00e9n hace declaraciones negativas en contra de la ex diputada panista en la LXI Legislatura, adem\u00e1s de se\u00f1alar que Eufrosina Cruz, era su \u201cmadrina pol\u00edtica\u201d.<\/p>\n\n\n\n<p>Ivonne Gallegos Carre\u00f1o fue en la LXI Legislatura presidenta de la Comisi\u00f3n de Equidad y G\u00e9nero, misma que aprob\u00f3 el delito de feminicidio y quien en su lucha por conseguir la candidatura tuvo que enfrentar diversos actos de machismo, misoginia y difamaci\u00f3n, como revela Cruz Mendoza y que llevaron a su amiga y comadre a interponer una queja ante el Instituto Estatal Electoral y de Participaci\u00f3n Ciudadana de Oaxaca un d\u00eda antes de su asesinato por actos de difamaci\u00f3n y violencia pol\u00edtica de g\u00e9nero en su contra, hecho que ocurri\u00f3 en la tarde noche del viernes 19 pasado.<\/p>\n\n\n\n<p>La ex titular de la Sepia lament\u00f3 que, aunque se solicit\u00f3 el mi\u00e9rcoles 17 de marzo la intervenci\u00f3n del secretario de Seguridad P\u00fablica, Ernesto Salcedo Rosales (de quien hoy polic\u00edas en paro exigen su salida), para que brindara protecci\u00f3n a la candidata Gallegos Carre\u00f1o, la respuesta no fue la esperada, porque nunca le brind\u00f3 protecci\u00f3n.<\/p>\n\n\n\n<p>Eufrosina Cruz Mendoza revela que fue ella y la suegra de su amiga Ivonne Gallegos quienes tuvieron que reconocer el cuerpo, \u201cme toc\u00f3 cerrarle los ojos, hab\u00eda miedo en sus ojos\u201d, dice mientras explica que busca respuestas a todo el odio que ejercieron algunas personas contra la candidata asesinada a plena luz del d\u00eda, por ello plantea que la Fiscal\u00eda de Oaxaca ya debe tener indicios y debe dar pronto una respuesta a la exigencia de justicia.<\/p>\n\n\n\n<p>\u201cLe quedaron a deber a mi amiga, nunca esclarecieron el crimen de su esposo (ocurrido en 2015) y dejaron que la gente diga lo que sabemos que no es cierto al tratar de asegurar que ten\u00edan v\u00ednculos con el crimen organizado, nada de eso es verdad, mi amiga todos los d\u00edas sal\u00eda de su casa muy temprano para ir a trabajar y era p\u00fablico d\u00f3nde trabaj\u00f3\u201d<\/p>\n\n\n\n<p>Por ello, insiste que hoy tras la muerte de Ivonne (Gallegos Carre\u00f1o) le deben la verdad a su hijo, un ni\u00f1o de 10 a\u00f1os que ha tenido que enfrentar dos tragedias en tan poco tiempo, afirma Cruz Mendoza.<\/p>\n\n\n\n<p>Eufrosina Cruz Mendoza afirma que, en la entrevista con el nuevo Fiscal de Oaxaca, Arturo Peimbert Calvo le pidi\u00f3 que haga justicia, que esa es su gran responsabilidad y que tambi\u00e9n le dijo que ojal\u00e1 \u201cno le tiemble la mano\u201d.<\/p>\n\n\n\n<p>Para la ex funcionaria del gobierno estatal, con una larga historia pol\u00edtica, el asesinato de \u201csu hermanita y amiga\u201d tiene una relaci\u00f3n directa con su aspiraci\u00f3n a ser presidenta municipal de Ocotl\u00e1n de Morelos, porque ella aseguraba \u201ceste era el momento\u201d, sin embargo, el machismo sigue prevaleciendo, los intereses oscuros existen y no la dejaron pasar, as\u00ed es como lo veo, dice a SemM\u00e9xico.<\/p>\n\n\n\n<p>La tambi\u00e9n aspirante a una diputaci\u00f3n local, abund\u00f3 que a ra\u00edz del lamentable suceso ocurrido el pasado s\u00e1bado, tiene miedo. \u201cTengo miedo por m\u00ed, por mi familia, no est\u00e1n dispuestos a perdonarnos si nos atravesamos en su camino\u201d, dice en referencia a quienes siguen impidiendo que las mujeres ocupen cargos de elecci\u00f3n popular.<\/p>\n\n\n\n<p>En este enlace algunas im\u00e1genes de las denostaciones:<\/p>\n\n\n\n<figure class=\"wp-block-embed-wordpress wp-block-embed is-type-wp-embed is-provider-semmexico\"><div class=\"wp-block-embed__wrapper\">\n<blockquote class=\"wp-embedded-content\" data-secret=\"yDMai5fsw2\"><a href=\"https:\/\/www.semmexico.mx\/?p=33554\">La Fiscal\u00eda de Oaxaca ya tiene que darnos respuestas: Eufrosina Cruz<\/a><\/blockquote><iframe class=\"wp-embedded-content\" sandbox=\"allow-scripts\" security=\"restricted\" style=\"position: absolute; clip: rect(1px, 1px, 1px, 1px);\" title=\"\u00abLa Fiscal\u00eda de Oaxaca ya tiene que darnos respuestas: Eufrosina Cruz\u00bb \u2014 SemM\u00e9xico\" src=\"https:\/\/www.semmexico.mx\/?p=33554&#038;embed=true#?secret=yDMai5fsw2\" data-secret=\"yDMai5fsw2\" width=\"600\" height=\"338\" frameborder=\"0\" marginwidth=\"0\" marginheight=\"0\" scrolling=\"no\"><\/iframe>\n<\/div><\/figure>\n","protected":false},"excerpt":{"rendered":"<p>Soledad Jarqu\u00edn\/SemM\u00e9xico. Foto: Especial Oaxaca de Ju\u00e1rez, Oax., 25 de marzo de 2021.- \u201cLa Fiscal\u00eda&hellip;<\/p>\n","protected":false},"author":2,"featured_media":25099,"comment_status":"closed","ping_status":"open","sticky":false,"template":"","format":"standard","meta":{"_lmt_disableupdate":"","_lmt_disable":"","_jetpack_memberships_contains_paid_content":false,"footnotes":""},"categories":[109,47],"tags":[2175,2538],"class_list":["post-25098","post","type-post","status-publish","format-standard","has-post-thumbnail","hentry","category-minuto-a-minuto","category-zona-gris","tag-eufrosina-cruz-mendoza","tag-ivonne-gallegos-carreno"],"jetpack_featured_media_url":"https:\/\/zonaroja.com.mx\/wp-content\/uploads\/2021\/03\/Eufrosina-Cruz-Mendoza.jpg","jetpack_sharing_enabled":true,"_links":{"self":[{"href":"https:\/\/zonaroja.com.mx\/index.php?rest_route=\/wp\/v2\/posts\/25098","targetHints":{"allow":["GET"]}}],"collection":[{"href":"https:\/\/zonaroja.com.mx\/index.php?rest_route=\/wp\/v2\/posts"}],"about":[{"href":"https:\/\/zonaroja.com.mx\/index.php?rest_route=\/wp\/v2\/types\/post"}],"author":[{"embeddable":true,"href":"https:\/\/zonaroja.com.mx\/index.php?rest_route=\/wp\/v2\/users\/2"}],"replies":[{"embeddable":true,"href":"https:\/\/zonaroja.com.mx\/index.php?rest_route=%2Fwp%2Fv2%2Fcomments&post=25098"}],"version-history":[{"count":1,"href":"https:\/\/zonaroja.com.mx\/index.php?rest_route=\/wp\/v2\/posts\/25098\/revisions"}],"predecessor-version":[{"id":25100,"href":"https:\/\/zonaroja.com.mx\/index.php?rest_route=\/wp\/v2\/posts\/25098\/revisions\/25100"}],"wp:featuredmedia":[{"embeddable":true,"href":"https:\/\/zonaroja.com.mx\/index.php?rest_route=\/wp\/v2\/media\/25099"}],"wp:attachment":[{"href":"https:\/\/zonaroja.com.mx\/index.php?rest_route=%2Fwp%2Fv2%2Fmedia&parent=25098"}],"wp:term":[{"taxonomy":"category","embeddable":true,"href":"https:\/\/zonaroja.com.mx\/index.php?rest_route=%2Fwp%2Fv2%2Fcategories&post=25098"},{"taxonomy":"post_tag","embeddable":true,"href":"https:\/\/zonaroja.com.mx\/index.php?rest_route=%2Fwp%2Fv2%2Ftags&post=25098"}],"curies":[{"name":"wp","href":"https:\/\/api.w.org\/{rel}","templated":true}]}}