{"id":25105,"date":"2021-03-25T08:10:50","date_gmt":"2021-03-25T14:10:50","guid":{"rendered":"http:\/\/www.zonaroja.com.mx\/?p=25105"},"modified":"2021-03-25T08:10:53","modified_gmt":"2021-03-25T14:10:53","slug":"valida-tepjf-acciones-afirmativas-a-favor-de-grupos-vulnerables-en-oaxaca","status":"publish","type":"post","link":"https:\/\/zonaroja.com.mx\/?p=25105","title":{"rendered":"Valida TEPJF acciones afirmativas a favor de grupos vulnerables en Oaxaca"},"content":{"rendered":"\n<p>Redacci\u00f3n\/Zona Roja.<\/p>\n\n\n\n<p>Oaxaca de Ju\u00e1rez, Oax., 25 de marzo de 2021.- Por unanimidad de votos, la Sala Superior del Tribunal Electoral del Poder Judicial de la Federaci\u00f3n (TEPJF) confirm\u00f3 las acciones afirmativas establecidas en los lineamientos aprobados por el Instituto Estatal Electoral y de Participaci\u00f3n Ciudadana de Oaxaca (IEEPCO) a favor de ind\u00edgenas, afromexicanos, adultos mayores, personas con discapacidad y j\u00f3venes.<\/p>\n\n\n\n<p>El 1 de diciembre de 2020 se emiti\u00f3 la declaratoria de inicio del proceso electoral 2020-2021 en Oaxaca. El 4 de enero de este a\u00f1o el Consejo General del Instituto Estatal Electoral y de Participaci\u00f3n Ciudadana de aquella entidad emiti\u00f3 los lineamientos para el registro de candidaturas, que fue impugnado por el Partido del Trabajo (PT).<\/p>\n\n\n\n<p>Los lineamientos favorecen a grupos vulnerables como ind\u00edgenas, afromexicanos, adultos mayores, personas con discapacidad y j\u00f3venes, con la finalidad de mejorar su calidad de vida y compensarlos por los perjuicios sufridos en la historia de nuestro pa\u00eds.<\/p>\n\n\n\n<p>Establecen que en cada segmento de competitividad se postule 35% de candidaturas de personas ind\u00edgenas y\/o afromexicanas; 5% a favor de personas con discapacidad permanente f\u00edsica o sensorial; 10% a favor de las personas mayores de 60 a\u00f1os, as\u00ed como las y los j\u00f3venes.<\/p>\n\n\n\n<p>Ante la impugnaci\u00f3n, el Tribunal Electoral estatal revoc\u00f3 el Acuerdo del Instituto local; ante la impugnaci\u00f3n de varios ciudadanos, la Sala Regional Xalapa del TEPJF confirm\u00f3 la sentencia del Tribunal local de revocar las medidas.<\/p>\n\n\n\n<p>Al realizar el an\u00e1lisis del caso, las magistradas y los magistrados de la Sala Superior consideraron fundados los argumentos para revocar ambas sentencias, y dejar la validez de las acciones afirmativas, toda vez que las acciones implementadas no constituyen una modificaci\u00f3n sustancial, pues el inicio de las campa\u00f1as ser\u00e1, para la elecci\u00f3n de diputaciones el 24 de abril y para la de ayuntamientos el 4 de mayo, es decir, la autoridad electoral y los partidos cuentan con tiempo suficiente para su implementaci\u00f3n concreta.<\/p>\n\n\n\n<p>Con ello, se confirm\u00f3 el Acuerdo del Instituto Estatal Electoral, el cual deber\u00e1 llevar a cabo todos los actos necesarios y pertinentes para el cumplimiento inmediato de esta sentencia, a lo cual quedan vinculados partidos pol\u00edticos, coaliciones y candidaturas comunes.<\/p>\n","protected":false},"excerpt":{"rendered":"<p>Redacci\u00f3n\/Zona Roja. Oaxaca de Ju\u00e1rez, Oax., 25 de marzo de 2021.- Por unanimidad de votos,&hellip;<\/p>\n","protected":false},"author":2,"featured_media":25106,"comment_status":"closed","ping_status":"open","sticky":false,"template":"","format":"standard","meta":{"_lmt_disableupdate":"","_lmt_disable":"","_jetpack_memberships_contains_paid_content":false,"footnotes":""},"categories":[109,46],"tags":[1836],"class_list":["post-25105","post","type-post","status-publish","format-standard","has-post-thumbnail","hentry","category-minuto-a-minuto","category-zona-blanca","tag-sala-xalapa-del-tribunal-electoral-del-poder-judicial-de-la-federacion"],"jetpack_featured_media_url":"https:\/\/zonaroja.com.mx\/wp-content\/uploads\/2021\/03\/TEPJF-sala-superior.jpg","jetpack_sharing_enabled":true,"_links":{"self":[{"href":"https:\/\/zonaroja.com.mx\/index.php?rest_route=\/wp\/v2\/posts\/25105","targetHints":{"allow":["GET"]}}],"collection":[{"href":"https:\/\/zonaroja.com.mx\/index.php?rest_route=\/wp\/v2\/posts"}],"about":[{"href":"https:\/\/zonaroja.com.mx\/index.php?rest_route=\/wp\/v2\/types\/post"}],"author":[{"embeddable":true,"href":"https:\/\/zonaroja.com.mx\/index.php?rest_route=\/wp\/v2\/users\/2"}],"replies":[{"embeddable":true,"href":"https:\/\/zonaroja.com.mx\/index.php?rest_route=%2Fwp%2Fv2%2Fcomments&post=25105"}],"version-history":[{"count":1,"href":"https:\/\/zonaroja.com.mx\/index.php?rest_route=\/wp\/v2\/posts\/25105\/revisions"}],"predecessor-version":[{"id":25107,"href":"https:\/\/zonaroja.com.mx\/index.php?rest_route=\/wp\/v2\/posts\/25105\/revisions\/25107"}],"wp:featuredmedia":[{"embeddable":true,"href":"https:\/\/zonaroja.com.mx\/index.php?rest_route=\/wp\/v2\/media\/25106"}],"wp:attachment":[{"href":"https:\/\/zonaroja.com.mx\/index.php?rest_route=%2Fwp%2Fv2%2Fmedia&parent=25105"}],"wp:term":[{"taxonomy":"category","embeddable":true,"href":"https:\/\/zonaroja.com.mx\/index.php?rest_route=%2Fwp%2Fv2%2Fcategories&post=25105"},{"taxonomy":"post_tag","embeddable":true,"href":"https:\/\/zonaroja.com.mx\/index.php?rest_route=%2Fwp%2Fv2%2Ftags&post=25105"}],"curies":[{"name":"wp","href":"https:\/\/api.w.org\/{rel}","templated":true}]}}