{"id":25109,"date":"2021-03-25T09:52:27","date_gmt":"2021-03-25T15:52:27","guid":{"rendered":"https:\/\/www.zonaroja.com.mx\/?p=25109"},"modified":"2021-03-25T17:51:19","modified_gmt":"2021-03-25T23:51:19","slug":"juez-de-oaxaca-libera-a-potencial-feminicida-lo-vinculan-con-el-pri","status":"publish","type":"post","link":"https:\/\/zonaroja.com.mx\/?p=25109","title":{"rendered":"Juez de Oaxaca libera a potencial feminicida; lo vinculan con el PRI"},"content":{"rendered":"\n<p class=\"MsoNormal\">Evlin Arag\u00f3n\/ Zona Roja. <\/p>\n\n\n\n<p class=\"MsoNormal\">Oaxaca de Ju\u00e1rez, Oax., 25 de marzo de 2021.- A trav\u00e9s de las redes sociales una mujer denunci\u00f3 que la persona que la golpe\u00f3 en reiteradas ocasiones y a quien denunci\u00f3 por violencia dom\u00e9stica desde noviembre de 2019, fue puesto en libertad por parte de un juez en Oaxaca, poniendo su vida y la de su peque\u00f1a hija en riesgo.  <\/p>\n\n\n\n<p class=\"MsoNormal\">Se trata de la usuaria de Facebook Sther Svdra (Esther S.), quien denunci\u00f3 que su ex pareja sentimental de nombre Sa\u00fal Canseco Ramos fue liberado de prisi\u00f3n esta semana, tras una segunda detenci\u00f3n ejecutada el pasado 18 de marzo, por amenazas de muerte, agresiones y violencia psicol\u00f3gica, f\u00edsica y econ\u00f3mica en su contra.  <\/p>\n\n\n\n<p class=\"MsoNormal\">\u201cHoy me veo en la necesidad de utilizar las redes sociales para denunciar esta injusticia y dejar constancia de una tragedia que un juez debi\u00f3 evitar, si pierdo la vida a manos de esta persona, que mi voz y el desamparo de mi peque\u00f1a hija trascienda y no se pierda en una cifra m\u00e1s como las miles de mujeres que se encontraban en situaciones similares\u201d, refiere la angustiada mujer.&nbsp;&nbsp;<\/p>\n\n\n\n<p class=\"MsoNormal\">Explic\u00f3 que la decisi\u00f3n de juez Ra\u00fal Osvaldo Bernal Flores carece de perspectiva de g\u00e9nero, toda vez que existen las suficientes pruebas de la violencia f\u00edsica, psicol\u00f3gica, econ\u00f3mica y patrimonial, as\u00ed como de las amenazas de muerte que el sujeto hizo en su contra y de su hija, de ah\u00ed que considera que las medidas de restricci\u00f3n no son suficientes.&nbsp;<\/p>\n\n\n\n<p class=\"MsoNormal\">Y es que, pese a su separaci\u00f3n en 2019, Sa\u00fal Canseco Ramos ha seguido amenazando a su ex pareja, ya que \u00e9sta se neg\u00f3 a reanudar la relaci\u00f3n sentimental, ha roto los vidrios de su casa, entre otros destrozos que han afectado a toda la familia de la joven.  <\/p>\n\n\n\n<p class=\"MsoNormal\">Pese a todo lo anterior y las pruebas presentadas, adem\u00e1s de la solicitud explicita de la mujer al juez de velar por su integridad f\u00edsica, este determin\u00f3 dejar en libertad al potencial feminicida, quien adem\u00e1s cuenta con un antecedente de violaci\u00f3n en contra de otra persona.&nbsp;&nbsp;<\/p>\n\n\n\n<p class=\"MsoNormal\">\u201cEl juez lejos de juzgar con perspectiva de g\u00e9nero, mucho menos valor\u00f3 a mi favor un ajuste razonable en raz\u00f3n de mi condici\u00f3n, dejo en libertad a un FEMINICIDA EN POTENCIA sin ninguna garant\u00eda\u201d, manifest\u00f3, a la par que indic\u00f3 que no le qued\u00f3 de otra m\u00e1s que hacer p\u00fablica la situaci\u00f3n, la cual se volvi\u00f3 viral en las redes sociales.&nbsp;&nbsp;<\/p>\n\n\n\n<p class=\"MsoNormal\">Por su parte integrantes de Marea Verde Oaxaca evidenciaron que el agresor es trabajador de la Secretar\u00eda de Finanzas, a cargo de Vicente Mendoza T\u00e9llez Gir\u00f3n, y es amigo del senador Ra\u00fal Bola\u00f1os Cacho Cu\u00e9 y de Alfredo Delgado, se\u00f1alado como responsable de la muerte de Ivanna Mingo.&nbsp;<\/p>\n\n\n\n<p class=\"MsoNormal\">De ah\u00ed que la decisi\u00f3n del juez podr\u00eda estar vinculada a los nexos que el agresor tiene en el Partido Revolucionario Institucional (PRI), \u00f3rgano en el cual milita.  <\/p>\n\n\n\n<p class=\"MsoNormal\">\u201cIntent\u00f3 asesinar a su ex pareja estrangul\u00e1ndola, y amenaz\u00e1ndola con clavar unas tijeras en la espalda de su peque\u00f1a hija de dos a\u00f1os. Se interpuso la denuncia correspondiente aportando todas las pruebas en su contra y aun as\u00ed fue puesto en libertad gracias a un juez corrupto y a un sistema c\u00f3mplice\u201d, refieren.&nbsp;&nbsp;<\/p>\n\n\n\n<p class=\"MsoNormal\">Por lo anterior, las activistas exigieron al secretario de Finanzas no proteger a quien se desempe\u00f1a en su dependencia como inspector e interventor, y evitar as\u00ed que la denunciante se convierta en una v\u00edctima m\u00e1s de la violencia feminicida en Oaxaca.&nbsp;&nbsp;<\/p>\n\n\n\n<p class=\"MsoNormal\">\u201cVicente Mendoza, \u00bfm\u00e1s agresores en tu equipo de trabajo? queremos que no lo protejas, que enfrente s\u00f3lo la justicia y que responda por sus actos de violencia e intento de feminicidio\u201d, sentenciaron.<\/p>\n\n\n\n<p class=\"MsoNormal\">A la par que hicieron responsables a las autoridades estatales y los pol\u00edticos del PRI vinculados con Sa\u00fal Canseco Ramos, de lo que \u00e9ste pueda hacerla a su ex pareja.  <\/p>\n","protected":false},"excerpt":{"rendered":"<p>Evlin Arag\u00f3n\/ Zona Roja. Oaxaca de Ju\u00e1rez, Oax., 25 de marzo de 2021.- A trav\u00e9s&hellip;<\/p>\n","protected":false},"author":2,"featured_media":25108,"comment_status":"closed","ping_status":"open","sticky":false,"template":"","format":"standard","meta":{"_lmt_disableupdate":"","_lmt_disable":"","_jetpack_memberships_contains_paid_content":false,"footnotes":""},"categories":[109,47],"tags":[2547],"class_list":["post-25109","post","type-post","status-publish","format-standard","has-post-thumbnail","hentry","category-minuto-a-minuto","category-zona-gris","tag-esther-s"],"jetpack_featured_media_url":"https:\/\/zonaroja.com.mx\/wp-content\/uploads\/2021\/03\/f4245f07-9579-4a55-ae07-54cabc224068.jpg","jetpack_sharing_enabled":true,"_links":{"self":[{"href":"https:\/\/zonaroja.com.mx\/index.php?rest_route=\/wp\/v2\/posts\/25109","targetHints":{"allow":["GET"]}}],"collection":[{"href":"https:\/\/zonaroja.com.mx\/index.php?rest_route=\/wp\/v2\/posts"}],"about":[{"href":"https:\/\/zonaroja.com.mx\/index.php?rest_route=\/wp\/v2\/types\/post"}],"author":[{"embeddable":true,"href":"https:\/\/zonaroja.com.mx\/index.php?rest_route=\/wp\/v2\/users\/2"}],"replies":[{"embeddable":true,"href":"https:\/\/zonaroja.com.mx\/index.php?rest_route=%2Fwp%2Fv2%2Fcomments&post=25109"}],"version-history":[{"count":2,"href":"https:\/\/zonaroja.com.mx\/index.php?rest_route=\/wp\/v2\/posts\/25109\/revisions"}],"predecessor-version":[{"id":25124,"href":"https:\/\/zonaroja.com.mx\/index.php?rest_route=\/wp\/v2\/posts\/25109\/revisions\/25124"}],"wp:featuredmedia":[{"embeddable":true,"href":"https:\/\/zonaroja.com.mx\/index.php?rest_route=\/wp\/v2\/media\/25108"}],"wp:attachment":[{"href":"https:\/\/zonaroja.com.mx\/index.php?rest_route=%2Fwp%2Fv2%2Fmedia&parent=25109"}],"wp:term":[{"taxonomy":"category","embeddable":true,"href":"https:\/\/zonaroja.com.mx\/index.php?rest_route=%2Fwp%2Fv2%2Fcategories&post=25109"},{"taxonomy":"post_tag","embeddable":true,"href":"https:\/\/zonaroja.com.mx\/index.php?rest_route=%2Fwp%2Fv2%2Ftags&post=25109"}],"curies":[{"name":"wp","href":"https:\/\/api.w.org\/{rel}","templated":true}]}}