{"id":25112,"date":"2021-03-25T14:13:04","date_gmt":"2021-03-25T20:13:04","guid":{"rendered":"https:\/\/www.zonaroja.com.mx\/?p=25112"},"modified":"2021-03-25T14:15:43","modified_gmt":"2021-03-25T20:15:43","slug":"va-javier-chavez-como-candidato-a-la-presidencia-municipal-de-la-capital-por-mc","status":"publish","type":"post","link":"https:\/\/zonaroja.com.mx\/?p=25112","title":{"rendered":"Va Javier Ch\u00e1vez como candidato a la presidencia municipal de la capital por MC"},"content":{"rendered":"\n<p class=\"MsoNormal\">Yuridiana Sosa\/Zona Roja. <\/p>\n\n\n\n<p class=\"MsoNormal\">Oaxaca de Ju\u00e1rez, Oax., 25 de marzo de 2021.- Javier Ch\u00e1vez Rosales se registr\u00f3 hoy como candidato a la presidencia municipal de Oaxaca de Ju\u00e1rez por el partido Movimiento Ciudadano (MC), con lo cual formaliz\u00f3 su aspiraci\u00f3n.<\/p>\n\n\n\n<p class=\"MsoNormal\">Acompa\u00f1ado de los integrantes de su planilla y del dirigente estatal de MC, Ricardo Coronado Sangin\u00e9s, Ch\u00e1vez Rosales manifest\u00f3 su voluntad de trabajo para lo que dijo ser\u00e1 \u201crecuperar\u201d a la capital de los \u201cmismos de siempre que la han olvidado y s\u00f3lo han llegado a enriquecerse\u201d.<\/p>\n\n\n\n<p class=\"MsoNormal\">Javier Ch\u00e1vez es presidente de la delegaci\u00f3n Oaxaca de la Asociaci\u00f3n Mexicana de la Industria de la Construcci\u00f3n (AMIC), y aunque asegur\u00f3 que nunca ha participado en la pol\u00edtica, desde el \u00e1mbito social ha realizado labores a favor de la poblaci\u00f3n, como fue una jornada de bacheo ante la desatenci\u00f3n del gobierno municipal actual. <\/p>\n\n\n\n<p class=\"MsoNormal\">\u201cEn pr\u00f3ximas semanas comenzaremos una lucha contra los caciques de siempre. Contra aquellos que van a venir a hacer promesas que no van a cumplir y se van a robar la voluntad al pueblo\u201d, se\u00f1al\u00f3 respecto a sus adversarios en la contienda, Javier Villaca\u00f1a Jim\u00e9nez del PRI en representaci\u00f3n de la candidatura com\u00fan de \u201cVa por Oaxaca\u201d, y de Francisco Neri por Morena.<\/p>\n\n\n\n<p class=\"MsoNormal\">Agreg\u00f3: \u201cSon los de siempre, de la mafia del poder y ahora de la mafia del no poder\u201d, se refiri\u00f3 respectivamente a cada uno de los candidatos.<\/p>\n\n\n\n<p class=\"MsoNormal\">Por su parte, Ricardo Coronado Sangin\u00e9s asever\u00f3 que lo peor que le ha pasado a Oaxaca capital es el gobierno actual que encabeza Oswaldo Garc\u00eda por el partido Morena, con quien no s\u00f3lo no se han registrado cambios, sino est\u00e1 peor que nunca antes en atenci\u00f3n de las necesidades de la poblaci\u00f3n.&nbsp;<\/p>\n\n\n\n<p class=\"MsoNormal\">As\u00ed tambi\u00e9n expres\u00f3 que \u201cOaxaca no es propiedad de ninguna familia, ni de dinast\u00edas ni linajes\u201d por lo que est\u00e1n convencidos que con una planilla ciudadana lograr\u00e1n el triunfo.&nbsp;<\/p>\n\n\n\n<p class=\"MsoNormal\">\u201cParce que nos enfrentaremos a dos dinosaurios, pero nosotros tenemos la mejor propuesta\u201d, subray\u00f3 el dirigente.<\/p>\n","protected":false},"excerpt":{"rendered":"<p>Yuridiana Sosa\/Zona Roja. Oaxaca de Ju\u00e1rez, Oax., 25 de marzo de 2021.- Javier Ch\u00e1vez Rosales&hellip;<\/p>\n","protected":false},"author":2,"featured_media":25111,"comment_status":"closed","ping_status":"open","sticky":false,"template":"","format":"standard","meta":{"_lmt_disableupdate":"","_lmt_disable":"","_jetpack_memberships_contains_paid_content":false,"footnotes":""},"categories":[1,46],"tags":[1919],"class_list":["post-25112","post","type-post","status-publish","format-standard","has-post-thumbnail","hentry","category-sin-categoria","category-zona-blanca","tag-javier-chavez-rosales"],"jetpack_featured_media_url":"https:\/\/zonaroja.com.mx\/wp-content\/uploads\/2021\/03\/65a16867-31fe-4bc5-817d-e261291315c6.jpg","jetpack_sharing_enabled":true,"_links":{"self":[{"href":"https:\/\/zonaroja.com.mx\/index.php?rest_route=\/wp\/v2\/posts\/25112","targetHints":{"allow":["GET"]}}],"collection":[{"href":"https:\/\/zonaroja.com.mx\/index.php?rest_route=\/wp\/v2\/posts"}],"about":[{"href":"https:\/\/zonaroja.com.mx\/index.php?rest_route=\/wp\/v2\/types\/post"}],"author":[{"embeddable":true,"href":"https:\/\/zonaroja.com.mx\/index.php?rest_route=\/wp\/v2\/users\/2"}],"replies":[{"embeddable":true,"href":"https:\/\/zonaroja.com.mx\/index.php?rest_route=%2Fwp%2Fv2%2Fcomments&post=25112"}],"version-history":[{"count":1,"href":"https:\/\/zonaroja.com.mx\/index.php?rest_route=\/wp\/v2\/posts\/25112\/revisions"}],"predecessor-version":[{"id":25113,"href":"https:\/\/zonaroja.com.mx\/index.php?rest_route=\/wp\/v2\/posts\/25112\/revisions\/25113"}],"wp:featuredmedia":[{"embeddable":true,"href":"https:\/\/zonaroja.com.mx\/index.php?rest_route=\/wp\/v2\/media\/25111"}],"wp:attachment":[{"href":"https:\/\/zonaroja.com.mx\/index.php?rest_route=%2Fwp%2Fv2%2Fmedia&parent=25112"}],"wp:term":[{"taxonomy":"category","embeddable":true,"href":"https:\/\/zonaroja.com.mx\/index.php?rest_route=%2Fwp%2Fv2%2Fcategories&post=25112"},{"taxonomy":"post_tag","embeddable":true,"href":"https:\/\/zonaroja.com.mx\/index.php?rest_route=%2Fwp%2Fv2%2Ftags&post=25112"}],"curies":[{"name":"wp","href":"https:\/\/api.w.org\/{rel}","templated":true}]}}