{"id":25115,"date":"2021-03-25T16:02:38","date_gmt":"2021-03-25T22:02:38","guid":{"rendered":"https:\/\/www.zonaroja.com.mx\/?p=25115"},"modified":"2021-03-25T17:56:20","modified_gmt":"2021-03-25T23:56:20","slug":"protestan-contra-oswaldo-garcia-por-entregar-apoyos-escolares-de-mala-calidad","status":"publish","type":"post","link":"https:\/\/zonaroja.com.mx\/?p=25115","title":{"rendered":"Protestan contra Oswaldo Garc\u00eda por entregar apoyos escolares de mala calidad"},"content":{"rendered":"\n<p class=\"MsoNormal\">Yuridiana Sosa\/Zona Roja. <\/p>\n\n\n\n<p class=\"MsoNormal\">Oaxaca de Ju\u00e1rez, Oax., 25 de marzo de 2021.-Madres de familia de distintas escuelas de la capital de Oaxaca se manifestaron a la puerta de palacio municipal para reclamar al edil Oswaldo Garc\u00eda Jarqu\u00edn los apoyos de mala calidad que ha enviado sus menores hijos, as\u00ed como la falta de otros que se han dejado de dar o llegan incompletos. <\/p>\n\n\n\n<p class=\"MsoNormal\">Las inconformes denunciaron y exhibieron la supuesta entrega de los apoyos de calzado para los estudiantes menores de edad, a quienes el presidente municipal envi\u00f3 zapatos despegados, rotos, de tallas para adultos y zapatillas.<\/p>\n\n\n\n<figure class=\"wp-block-embed-twitter wp-block-embed is-type-rich is-provider-twitter\"><div class=\"wp-block-embed__wrapper\">\n<div class=\"twitter-tweet\"><blockquote class=\"twitter-tweet\" data-lang=\"es\"><p lang=\"es\" dir=\"ltr\"><a href=\"https:\/\/twitter.com\/hashtag\/%C3%9AltimoMinuto?src=hash&amp;ref_src=twsrc%5Etfw\">#\u00daltimoMinuto<\/a> <br>Las protestas no cesan contra el edil <a href=\"https:\/\/twitter.com\/oswaldogarciaj?ref_src=twsrc%5Etfw\">@oswaldogarciaj<\/a>, ahora por parte de colonos de la ciudad de Oaxaca, que denuncian la mala calidad del calzado que les entreg\u00f3 el <a href=\"https:\/\/twitter.com\/MunicipioOaxaca?ref_src=twsrc%5Etfw\">@MunicipioOaxaca<\/a> y que justific\u00f3 con altos costos. <a href=\"https:\/\/t.co\/XXDUw6K2fi\">pic.twitter.com\/XXDUw6K2fi<\/a><\/p>&mdash; Zona Roja Oaxaca (@Zona_Roja_Oax) <a href=\"https:\/\/twitter.com\/Zona_Roja_Oax\/status\/1375140927568764929?ref_src=twsrc%5Etfw\">25 de marzo de 2021<\/a><\/blockquote><\/div>\n<\/div><\/figure>\n\n\n\n<p class=\"MsoNormal\">Este \u00faltimo apoyo otorgado fue lo que decidi\u00f3 a las madres afectadas a manifestarse, pues anteriormente recibieron despensas incompletas, y faltan los apoyos de \u00fatiles escolares.<\/p>\n\n\n\n<p class=\"MsoNormal\">Las madres de familia se\u00f1alaron que tambi\u00e9n recibieron amenazas de un trabajador del ayuntamiento identificado como \u201cIsrael\u201d, responsable de los est\u00edmulos de educaci\u00f3n b\u00e1sica, en darlas de baja de los programas si se manifestaban.<\/p>\n\n\n\n<p class=\"MsoNormal\">Este condicionamiento tambi\u00e9n molest\u00f3 a las jefas de familia, quienes exigieron al edil atenci\u00f3n directa para resolver las carencias que presentan por estas circunstancias en escuelas de la agencia de Santa Rosa Panzacola.  <\/p>\n","protected":false},"excerpt":{"rendered":"<p>Yuridiana Sosa\/Zona Roja. Oaxaca de Ju\u00e1rez, Oax., 25 de marzo de 2021.-Madres de familia de&hellip;<\/p>\n","protected":false},"author":2,"featured_media":25114,"comment_status":"closed","ping_status":"open","sticky":false,"template":"","format":"standard","meta":{"_lmt_disableupdate":"","_lmt_disable":"","_jetpack_memberships_contains_paid_content":false,"footnotes":""},"categories":[109,47],"tags":[115],"class_list":["post-25115","post","type-post","status-publish","format-standard","has-post-thumbnail","hentry","category-minuto-a-minuto","category-zona-gris","tag-oswaldo-garcia-jarquin"],"jetpack_featured_media_url":"https:\/\/zonaroja.com.mx\/wp-content\/uploads\/2021\/03\/2aacf67a-52aa-498e-b029-09e79912e2cb.jpg","jetpack_sharing_enabled":true,"_links":{"self":[{"href":"https:\/\/zonaroja.com.mx\/index.php?rest_route=\/wp\/v2\/posts\/25115","targetHints":{"allow":["GET"]}}],"collection":[{"href":"https:\/\/zonaroja.com.mx\/index.php?rest_route=\/wp\/v2\/posts"}],"about":[{"href":"https:\/\/zonaroja.com.mx\/index.php?rest_route=\/wp\/v2\/types\/post"}],"author":[{"embeddable":true,"href":"https:\/\/zonaroja.com.mx\/index.php?rest_route=\/wp\/v2\/users\/2"}],"replies":[{"embeddable":true,"href":"https:\/\/zonaroja.com.mx\/index.php?rest_route=%2Fwp%2Fv2%2Fcomments&post=25115"}],"version-history":[{"count":2,"href":"https:\/\/zonaroja.com.mx\/index.php?rest_route=\/wp\/v2\/posts\/25115\/revisions"}],"predecessor-version":[{"id":25125,"href":"https:\/\/zonaroja.com.mx\/index.php?rest_route=\/wp\/v2\/posts\/25115\/revisions\/25125"}],"wp:featuredmedia":[{"embeddable":true,"href":"https:\/\/zonaroja.com.mx\/index.php?rest_route=\/wp\/v2\/media\/25114"}],"wp:attachment":[{"href":"https:\/\/zonaroja.com.mx\/index.php?rest_route=%2Fwp%2Fv2%2Fmedia&parent=25115"}],"wp:term":[{"taxonomy":"category","embeddable":true,"href":"https:\/\/zonaroja.com.mx\/index.php?rest_route=%2Fwp%2Fv2%2Fcategories&post=25115"},{"taxonomy":"post_tag","embeddable":true,"href":"https:\/\/zonaroja.com.mx\/index.php?rest_route=%2Fwp%2Fv2%2Ftags&post=25115"}],"curies":[{"name":"wp","href":"https:\/\/api.w.org\/{rel}","templated":true}]}}