{"id":25118,"date":"2021-03-25T17:07:06","date_gmt":"2021-03-25T23:07:06","guid":{"rendered":"https:\/\/www.zonaroja.com.mx\/?p=25118"},"modified":"2021-03-25T17:47:50","modified_gmt":"2021-03-25T23:47:50","slug":"propone-diputada-incentivar-el-cuidado-del-agua-y-su-uso-sustentable","status":"publish","type":"post","link":"https:\/\/zonaroja.com.mx\/?p=25118","title":{"rendered":"Propone diputada incentivar el cuidado del agua y su uso sustentable"},"content":{"rendered":"\n<p class=\"MsoNormal\">Evlin Arag\u00f3n\/Zona Roja. <\/p>\n\n\n\n<p class=\"MsoNormal\">Oaxaca de Ju\u00e1rez, Oax., 25 de marzo de 2021.- La diputada local y presidenta de la Junta de Coordinaci\u00f3n Pol\u00edtica de la 64 Legislatura, Delfina Guzm\u00e1n D\u00edaz, present\u00f3 una iniciativa para incentivar el cuidado del agua y su uso sustentable, adem\u00e1s de promover acciones dirigidas a estudiantes y funcionariado p\u00fablico. <\/p>\n\n\n\n<p class=\"MsoNormal\">La propuesta consiste en implementar, por medio de la&nbsp;Secretar\u00eda del Medio Ambiente, Energ\u00edas y Desarrollo Sustentable(Semaedeso), cursos denominados \u201cEscuela del agua\u201d&nbsp;dirigidos al personal de los Organismos Operadores y Comit\u00e9s de agua que funcionan y operan en la entidad.&nbsp;<\/p>\n\n\n\n<p class=\"MsoNormal\">Dichos procesos formativos han sido iniciados ya por la Comisi\u00f3n Nacional del Agua (Conagua), y con el respaldo de instancias educativas, a fin de promover un verdadero cuidado del recurso natural.&nbsp;&nbsp;<\/p>\n\n\n\n<p class=\"MsoNormal\">\u201cSe trata no de aulas, pero s\u00ed de programas y contenidos pr\u00e1cticos de capacitaci\u00f3n a personal de los prestadores de servicios de agua y saneamiento para mejorar la gesti\u00f3n y operaci\u00f3n de sus funciones, involucrando a las instituciones que les corresponden\u201d. <\/p>\n\n\n\n<figure class=\"wp-block-embed-twitter wp-block-embed is-type-rich is-provider-twitter\"><div class=\"wp-block-embed__wrapper\">\n<div class=\"twitter-tweet\"><blockquote class=\"twitter-tweet\" data-lang=\"es\"><p lang=\"es\" dir=\"ltr\">La presidenta de la Junta de Coordinaci\u00f3n Pol\u00edtica del <a href=\"https:\/\/twitter.com\/CongresoOaxLXIV?ref_src=twsrc%5Etfw\">@CongresoOaxLXIV<\/a>, <a href=\"https:\/\/twitter.com\/DelfinaGuzmanD1?ref_src=twsrc%5Etfw\">@DelfinaGuzmanD1<\/a>, present\u00f3 hoy una iniciativa para incentivar el cuidado del agua y su uso sustentable, as\u00ed como cursos dirigidos a escolares. <a href=\"https:\/\/t.co\/TI4VC8h0nu\">pic.twitter.com\/TI4VC8h0nu<\/a><\/p>&mdash; Zona Roja Oaxaca (@Zona_Roja_Oax) <a href=\"https:\/\/twitter.com\/Zona_Roja_Oax\/status\/1374931247399583745?ref_src=twsrc%5Etfw\">25 de marzo de 2021<\/a><\/blockquote><\/div>\n<\/div><\/figure>\n\n\n\n<p class=\"MsoNormal\">De acuerdo con la legisladora, el prop\u00f3sito de la iniciativa es establecer las bases normativas e institucionales para incrementar las capacidades t\u00e9cnicas, cient\u00edficas y tecnol\u00f3gicas del personal que presta los servicios de agua y saneamiento en Oaxaca. <\/p>\n\n\n\n<p class=\"MsoNormal\">As\u00ed mismo, implementar acciones de capacitaci\u00f3n que mejoren el servicio, la calidad del agua y los costos para mayor acceso y atenci\u00f3n a la poblaci\u00f3n, lo cual ser\u00eda la base para avanzar en los mecanismos del cuidado, conservaci\u00f3n y sustentabilidad del vital l\u00edquido. <\/p>\n\n\n\n<p class=\"MsoNormal\">Para lo anterior se busca trabajar en conjunto con las comisiones Nacional y Estatal del Agua instancias que promueven y garantizan directamente el acceso del vital liquido, as\u00ed como de las instituciones de educaci\u00f3n superior que puedan validar los procesos formativos.  <\/p>\n\n\n\n<p class=\"MsoNormal\">Guzm\u00e1n D\u00edaz destac\u00f3 que desde hace 28 a\u00f1os se conmemora el D\u00eda Mundial del Agua, sin embargo, hace falta la implementaci\u00f3n de acciones contundentes que garanticen el cuidado real del recurso natural, de lo contrario el mundo se enfrentar\u00e1 a una crisis, con consecuencias catastr\u00f3ficas.&nbsp;<\/p>\n\n\n\n<p class=\"MsoNormal\">\u201cEl verdadero cuidado del agua implica hacer escuela del agua en la familia, en las instituciones educativas, y en la sociedad entera\u201d, sentenci\u00f3.  <\/p>\n","protected":false},"excerpt":{"rendered":"<p>Evlin Arag\u00f3n\/Zona Roja. Oaxaca de Ju\u00e1rez, Oax., 25 de marzo de 2021.- La diputada local&hellip;<\/p>\n","protected":false},"author":2,"featured_media":25117,"comment_status":"closed","ping_status":"open","sticky":false,"template":"","format":"standard","meta":{"_lmt_disableupdate":"","_lmt_disable":"","_jetpack_memberships_contains_paid_content":false,"footnotes":""},"categories":[109,46],"tags":[1927],"class_list":["post-25118","post","type-post","status-publish","format-standard","has-post-thumbnail","hentry","category-minuto-a-minuto","category-zona-blanca","tag-delfina-guzman-diaz"],"jetpack_featured_media_url":"https:\/\/zonaroja.com.mx\/wp-content\/uploads\/2021\/03\/img_7503.jpg","jetpack_sharing_enabled":true,"_links":{"self":[{"href":"https:\/\/zonaroja.com.mx\/index.php?rest_route=\/wp\/v2\/posts\/25118","targetHints":{"allow":["GET"]}}],"collection":[{"href":"https:\/\/zonaroja.com.mx\/index.php?rest_route=\/wp\/v2\/posts"}],"about":[{"href":"https:\/\/zonaroja.com.mx\/index.php?rest_route=\/wp\/v2\/types\/post"}],"author":[{"embeddable":true,"href":"https:\/\/zonaroja.com.mx\/index.php?rest_route=\/wp\/v2\/users\/2"}],"replies":[{"embeddable":true,"href":"https:\/\/zonaroja.com.mx\/index.php?rest_route=%2Fwp%2Fv2%2Fcomments&post=25118"}],"version-history":[{"count":2,"href":"https:\/\/zonaroja.com.mx\/index.php?rest_route=\/wp\/v2\/posts\/25118\/revisions"}],"predecessor-version":[{"id":25123,"href":"https:\/\/zonaroja.com.mx\/index.php?rest_route=\/wp\/v2\/posts\/25118\/revisions\/25123"}],"wp:featuredmedia":[{"embeddable":true,"href":"https:\/\/zonaroja.com.mx\/index.php?rest_route=\/wp\/v2\/media\/25117"}],"wp:attachment":[{"href":"https:\/\/zonaroja.com.mx\/index.php?rest_route=%2Fwp%2Fv2%2Fmedia&parent=25118"}],"wp:term":[{"taxonomy":"category","embeddable":true,"href":"https:\/\/zonaroja.com.mx\/index.php?rest_route=%2Fwp%2Fv2%2Fcategories&post=25118"},{"taxonomy":"post_tag","embeddable":true,"href":"https:\/\/zonaroja.com.mx\/index.php?rest_route=%2Fwp%2Fv2%2Ftags&post=25118"}],"curies":[{"name":"wp","href":"https:\/\/api.w.org\/{rel}","templated":true}]}}